{"id":3531,"date":"2024-06-25T09:46:06","date_gmt":"2024-06-25T07:46:06","guid":{"rendered":"http:\/\/ecsevilla.org\/deportes\/?p=3531"},"modified":"2024-07-02T08:13:49","modified_gmt":"2024-07-02T06:13:49","slug":"sobresaliente-exito-en-competicion-y-valores-de-la-representacion-infantil-sevillana-en-los-juegos-nacionales-escolares-2024","status":"publish","type":"post","link":"http:\/\/ecsevilla.org\/deportes\/sobresaliente-exito-en-competicion-y-valores-de-la-representacion-infantil-sevillana-en-los-juegos-nacionales-escolares-2024\/","title":{"rendered":"Sobresaliente \u00e9xito en competici\u00f3n y valores de la representaci\u00f3n infantil sevillana en los Juegos Nacionales Escolares 2024"},"content":{"rendered":"<p><a href=\"http:\/\/ecsevilla.org\/deportes\/wp-content\/uploads\/2024\/06\/EMDE-Infantil-Valores-Humanos-scaled.jpg\"><img loading=\"lazy\" decoding=\"async\" class=\"alignright size-full wp-image-3534\" src=\"http:\/\/ecsevilla.org\/deportes\/wp-content\/uploads\/2024\/06\/EMDE-Infantil-Valores-Humanos-scaled.jpg\" alt=\"\" width=\"2560\" height=\"1707\" srcset=\"http:\/\/ecsevilla.org\/deportes\/wp-content\/uploads\/2024\/06\/EMDE-Infantil-Valores-Humanos-scaled.jpg 2560w, http:\/\/ecsevilla.org\/deportes\/wp-content\/uploads\/2024\/06\/EMDE-Infantil-Valores-Humanos-300x200.jpg 300w, http:\/\/ecsevilla.org\/deportes\/wp-content\/uploads\/2024\/06\/EMDE-Infantil-Valores-Humanos-1024x683.jpg 1024w, http:\/\/ecsevilla.org\/deportes\/wp-content\/uploads\/2024\/06\/EMDE-Infantil-Valores-Humanos-768x512.jpg 768w, http:\/\/ecsevilla.org\/deportes\/wp-content\/uploads\/2024\/06\/EMDE-Infantil-Valores-Humanos-1536x1024.jpg 1536w, http:\/\/ecsevilla.org\/deportes\/wp-content\/uploads\/2024\/06\/EMDE-Infantil-Valores-Humanos-2048x1365.jpg 2048w\" sizes=\"auto, (max-width: 2560px) 100vw, 2560px\" \/><\/a><\/p>\n<p>&nbsp;<\/p>\n<p>&nbsp;<\/p>\n<p>&nbsp;<\/p>\n<p>&nbsp;<\/p>\n<p>&nbsp;<\/p>\n<p>&nbsp;<\/p>\n<p>&nbsp;<\/p>\n<p style=\"text-align: justify;\"><span style=\"font-family: arial, helvetica, sans-serif; font-size: 14pt;\">\u00a0<\/span><\/p>\n<p style=\"text-align: justify;\"><span style=\"font-family: arial, helvetica, sans-serif; font-size: 14pt;\">El pasado lunes 24 de junio se dio por finalizada la competici\u00f3n infantil en los Juegos Nacionales Escolares, con una nutrida representaci\u00f3n sevillana que regres\u00f3 de la ciudad de Torremolinos con tres (de cinco) trofeos de campeones y uno (de dos) de juego limpio y valores.<br \/>\n<\/span><\/p>\n<p style=\"text-align: justify;\"><span style=\"font-family: arial, helvetica, sans-serif; font-size: 14pt;\">En baloncesto femenino hemos contado con la participaci\u00f3n de Sagrada Familia de Urgel y Entreolivos.<\/span><\/p>\n<p style=\"text-align: justify;\"><span style=\"font-family: arial, helvetica, sans-serif; font-size: 14pt;\">SaFaUr acab\u00f3 en tercera posici\u00f3n su fase regular, tras las derrotas 21:45 frente a La Goleta de M\u00e1laga y 62:12 frente a BVM Irlandesas de Madrid. En la lucha por el noveno puesto, cay\u00f3 derrotado por 22:38 frente a Jes\u00fas Mar\u00eda de Madrid, venciendo en su \u00faltimo partido 30:24 frente a Obispo Perell\u00f3 de Madrid.<\/span><\/p>\n<p style=\"text-align: justify;\"><span style=\"font-family: arial, helvetica, sans-serif; font-size: 14pt;\"><a href=\"http:\/\/ecsevilla.org\/deportes\/wp-content\/uploads\/2024\/06\/BC-IF.jpg\"><img loading=\"lazy\" decoding=\"async\" class=\"wp-image-3539 alignleft\" src=\"http:\/\/ecsevilla.org\/deportes\/wp-content\/uploads\/2024\/06\/BC-IF.jpg\" alt=\"\" width=\"320\" height=\"240\" srcset=\"http:\/\/ecsevilla.org\/deportes\/wp-content\/uploads\/2024\/06\/BC-IF.jpg 2048w, http:\/\/ecsevilla.org\/deportes\/wp-content\/uploads\/2024\/06\/BC-IF-300x225.jpg 300w, http:\/\/ecsevilla.org\/deportes\/wp-content\/uploads\/2024\/06\/BC-IF-1024x768.jpg 1024w, http:\/\/ecsevilla.org\/deportes\/wp-content\/uploads\/2024\/06\/BC-IF-768x576.jpg 768w, http:\/\/ecsevilla.org\/deportes\/wp-content\/uploads\/2024\/06\/BC-IF-1536x1152.jpg 1536w\" sizes=\"auto, (max-width: 320px) 100vw, 320px\" \/><\/a>Entreolivos acab\u00f3 en segunda posici\u00f3n su fase regular, tras perder frente a La Asunci\u00f3n de M\u00e1laga en dos partidos 40:24 y 28:41. <\/span><span style=\"font-family: arial, helvetica, sans-serif; font-size: 14pt;\">En la semifinales por el quinto puesto cay\u00f3 derrotado 38:41 frente a Sta. Rosa de Lima FESD de Tenerife y perdiendo 41:30 en la lucha por el s\u00e9ptimo puesto frente a La Goleta de M\u00e1laga.<\/span><\/p>\n<p style=\"text-align: justify;\"><span style=\"font-family: arial, helvetica, sans-serif; font-size: 14pt;\">En baloncesto masculino hemos contado con la participaci\u00f3n de Claret y Sagrada Familia de Urgel.<\/span><\/p>\n<p style=\"text-align: justify;\"><span style=\"font-family: arial, helvetica, sans-serif; font-size: 14pt;\">El equipo heliopolitano acab\u00f3 en tercera posici\u00f3n su fase regular, tras las derrotas 63:12 frente a Teresianas de M\u00e1laga y 45:49 frente a Mater Immaculata de Madrid. En la lucha por el noveno puesto, perdi\u00f3 39:50 frente a Virgen del Carmen de C\u00f3rdoba y venciendo posteriormente por 41:18 a Obispo Perell\u00f3 de Madrid.<\/span><\/p>\n<p style=\"text-align: justify;\"><span style=\"font-family: arial, helvetica, sans-serif; font-size: 14pt;\">El equipo nervionense acab\u00f3 en primera posici\u00f3n su fase regular, tras las victorias 59:25 frente a El Prado de Madrid y 33:45 frente a La Goleta de M\u00e1laga. En los cuartos de final, venci\u00f3 56:35 frente a San Felipe Neri de C\u00e1diz, cayendo en semifinales 59:21 frente a Teresianas de M\u00e1laga. En la lucha por el bronce perdi\u00f3 31:54 frente a San Agust\u00edn de Valladolid.<\/span><\/p>\n<p style=\"text-align: justify;\"><span style=\"font-family: arial, helvetica, sans-serif; font-size: 14pt;\">En f\u00fatbol 7 la expedici\u00f3n espa\u00f1ola ha asistido con una participaci\u00f3n de tres equipos en la ciudad de Torremolinos: CEU San Pablo, Claret y Europa.<\/span><\/p>\n<p style=\"text-align: justify;\"><span style=\"font-family: arial, helvetica, sans-serif; font-size: 14pt;\">Claret acab\u00f3 en tercera posici\u00f3n su fase regular, tras la derrota 4:2 ante Europa de Sevilla, el empate 3:3 con Claret A de Las Palmas y la victoria 11:1 frente a Ntra. Sra. De Las Nieves de Madrid. En las semifinales por el quinto puesto venci\u00f3 4:0 a Claret B de Las Palmas y tambi\u00e9n 1:8 a Asunci\u00f3n Cuestablanca de Madrid.<\/span><\/p>\n<p style=\"text-align: justify;\"><span style=\"font-family: arial, helvetica, sans-serif; font-size: 14pt;\">Europa acab\u00f3 en primera posici\u00f3n su fase regular, tras las victorias 4:2 frente a Claret de Sevilla, 11:1 frente a Ntra. Sra. De Las Nieves de Madrid y 1:2 frente a Claret A de Las Palmas. En semifinales cay\u00f3 3:5 frente a CEU San Pablo de Sevilla, venciendo 6:7 en la lucha por el bronce a Claret A de Las Palmas.<\/span><\/p>\n<p style=\"text-align: justify;\"><span style=\"font-family: arial, helvetica, sans-serif; font-size: 14pt;\">CEU San Pablo acab\u00f3 en segunda posici\u00f3n su fase regular, tras las victorias 6:2 frente a Claret B de Las Palmas y 8:1 a Asunci\u00f3n Cuestablanca de Madrid y la derrota 6:3 frente a Virgen del Carmen de C\u00f3rdoba. En semifinales venci\u00f3 5:3 frente a Europa de Sevilla, cayendo en la gran final 6:1 frente a Virgen del Carmen de C\u00f3rdoba.<\/span><\/p>\n<p style=\"text-align: justify;\"><span style=\"font-family: arial, helvetica, sans-serif; font-size: 14pt;\">En f\u00fatbol sala hemos contado con la participaci\u00f3n de Vedruna y Alberto Durero.<\/span><\/p>\n<p style=\"text-align: justify;\"><span style=\"font-family: arial, helvetica, sans-serif; font-size: 14pt;\"><a href=\"http:\/\/ecsevilla.org\/deportes\/wp-content\/uploads\/2024\/06\/Alberto-Durero-FS-IM.jpeg\"><img loading=\"lazy\" decoding=\"async\" class=\"alignright wp-image-3537\" src=\"http:\/\/ecsevilla.org\/deportes\/wp-content\/uploads\/2024\/06\/Alberto-Durero-FS-IM.jpeg\" alt=\"\" width=\"411\" height=\"308\" srcset=\"http:\/\/ecsevilla.org\/deportes\/wp-content\/uploads\/2024\/06\/Alberto-Durero-FS-IM.jpeg 1600w, http:\/\/ecsevilla.org\/deportes\/wp-content\/uploads\/2024\/06\/Alberto-Durero-FS-IM-300x225.jpeg 300w, http:\/\/ecsevilla.org\/deportes\/wp-content\/uploads\/2024\/06\/Alberto-Durero-FS-IM-1024x768.jpeg 1024w, http:\/\/ecsevilla.org\/deportes\/wp-content\/uploads\/2024\/06\/Alberto-Durero-FS-IM-768x576.jpeg 768w, http:\/\/ecsevilla.org\/deportes\/wp-content\/uploads\/2024\/06\/Alberto-Durero-FS-IM-1536x1152.jpeg 1536w\" sizes=\"auto, (max-width: 411px) 100vw, 411px\" \/><\/a>El colegio alem\u00e1n acab\u00f3 en quinta posici\u00f3n su fase regular tras las derrotas 7:1 con Jes\u00fas Mar\u00eda de Madrid, 0:10 ante Mater Immaculata de Madrid, 9:2 ante Gamarra de M\u00e1laga y 3:8 ante Vedruna de Sevilla, y la victoria 4:6 ante Asunci\u00f3n Cuestablanca de Madrid. En la lucha por el quinto puesto, volvi\u00f3 a vencer a Asunci\u00f3n Cuestablanca de Madrid por un resultado de 3:2.<\/span><\/p>\n<p style=\"text-align: justify;\"><span style=\"font-family: arial, helvetica, sans-serif; font-size: 14pt;\">El colegio Vedruna finaliz\u00f3 en primera posici\u00f3n su fase regular, con victorias 0:10 a Asunci\u00f3n Cuestablanca de Madrid, 5:2 a Jes\u00fas Mar\u00eda de Madrid, 2:3 a Mater Immaculata de Madrid, 6:2 a Gamarra de M\u00e1laga y 3:8 frente a Alberto Durero de Sevilla. En semifinales, venci\u00f3 6:1 a Mater Immaculata de Madrid y en la gran final super\u00f3 5:2 a Gamarra de M\u00e1laga, alz\u00e1ndose como campe\u00f3n de la competici\u00f3n.<br \/>\n<\/span><\/p>\n<p style=\"text-align: justify;\"><span style=\"font-family: arial, helvetica, sans-serif; font-size: 14pt;\">En voleibol, la expedici\u00f3n espa\u00f1ola ha asistido con una nutrida participaci\u00f3n contando con cuatro equipos en esta categor\u00eda y modalidad deportiva: Alberto Durero, Claret, Entreolivos y CEU San Pablo.<\/span><\/p>\n<p style=\"text-align: justify;\"><span style=\"font-family: arial, helvetica, sans-serif; font-size: 14pt;\">Alberto Durero acab\u00f3 en tercera posici\u00f3n su fase regular, tras las derrotas 3:0 frente a Apostolado de Valladolid<\/span><span style=\"font-family: arial, helvetica, sans-serif; font-size: 14pt;\"> y 0:3 frente a Claret A de Las Palmas. <\/span><span style=\"font-family: arial, helvetica, sans-serif; font-size: 14pt;\">En la lucha por el noveno puesto, venci\u00f3 0:3 a La Goleta de M\u00e1laga y perdi\u00f3 1:2 frente a Entreolivos de Sevilla, finalizando en d\u00e9cima posici\u00f3n su participaci\u00f3n.<br \/>\n<\/span><\/p>\n<p style=\"text-align: justify;\"><span style=\"font-family: arial, helvetica, sans-serif; font-size: 14pt;\">Entreolivos acab\u00f3 en tercera posici\u00f3n su fase regular, tras las derrotas 3:0 frente a San Patricio Soto de Madrid y 0:3 frente a Claret B de Las Palmas. En la lucha por el noveno puesto, venci\u00f3 2:1 a Alberto Durero y tambi\u00e9n con el mismo resultado a La Goleta de M\u00e1laga, finalizando en novena posici\u00f3n su participaci\u00f3n.<\/span><\/p>\n<p style=\"text-align: justify;\"><span style=\"font-family: arial, helvetica, sans-serif; font-size: 14pt;\">El colegio CEU San Pablo finaliz\u00f3 en primera posici\u00f3n su fase regular, con victorias 1:2 y 3:0 frente a Obispo Perell\u00f3 de Madrid. En cuartos de final venci\u00f3 3:0 a Obispo Perell\u00f3 de Madrid y posteriormente en semifinales cay\u00f3 3:1 frente a Claret de Sevilla. En la lucha por el bronce, venci\u00f3 3:0 a Claret B de Las Palmas.<\/span><\/p>\n<p style=\"text-align: justify;\"><span style=\"font-family: arial, helvetica, sans-serif; font-size: 14pt;\"><a href=\"http:\/\/ecsevilla.org\/deportes\/wp-content\/uploads\/2024\/06\/vb-fem-infantil-1.jpg\"><img loading=\"lazy\" decoding=\"async\" class=\"wp-image-3541 alignleft\" src=\"http:\/\/ecsevilla.org\/deportes\/wp-content\/uploads\/2024\/06\/vb-fem-infantil-1.jpg\" alt=\"\" width=\"273\" height=\"259\" srcset=\"http:\/\/ecsevilla.org\/deportes\/wp-content\/uploads\/2024\/06\/vb-fem-infantil-1.jpg 715w, http:\/\/ecsevilla.org\/deportes\/wp-content\/uploads\/2024\/06\/vb-fem-infantil-1-300x284.jpg 300w\" sizes=\"auto, (max-width: 273px) 100vw, 273px\" \/><\/a>Claret finaliz\u00f3 en primera posici\u00f3n su fase regular, con victorias 2:1 frente a Santa Ana y San Rafael de Madrid y 0:3 frente a La Goleta de M\u00e1laga. En cuartos de final venci\u00f3 3:0 a Apostolado de Valladolid y posteriormente en semifinales 3:1 a CEU San Pablo de Sevilla. En la gran final, cay\u00f3 derrotado con un resultado de 1:3 frente a Claret A de Las Palmas.<\/span><\/p>\n<p style=\"text-align: justify;\"><span style=\"font-family: arial, helvetica, sans-serif; font-size: 14pt;\">En la ceremonia de entrega de trofeos, la expedici\u00f3n de Claret de Sevilla fue premiada con el Trofeo Valores Humanos. <\/span><\/p>\n<p>&nbsp;<\/p>\n<p>&nbsp;<\/p>\n<p>&nbsp;<\/p>\n<p>&nbsp;<\/p>\n<p>&nbsp;<\/p>\n<p>&nbsp;<\/p>\n<p>&nbsp;<\/p>\n<p>&nbsp;<\/p>\n<p>&nbsp;<\/p>\n<p>&nbsp;<\/p>\n<p>&nbsp;<\/p>\n","protected":false},"excerpt":{"rendered":"<p>&nbsp; &nbsp; &nbsp; &nbsp; &nbsp; &nbsp; &nbsp; \u00a0 El pasado lunes 24 de junio se dio por finalizada la competici\u00f3n infantil en los Juegos Nacionales Escolares, con una nutrida representaci\u00f3n&hellip; <\/p>\n","protected":false},"author":214,"featured_media":3534,"comment_status":"closed","ping_status":"open","sticky":false,"template":"","format":"standard","meta":{"footnotes":""},"categories":[37,10],"tags":[34],"class_list":["post-3531","post","type-post","status-publish","format-standard","has-post-thumbnail","hentry","category-juegos-emde","category-noticias","tag-juegos-emde"],"_links":{"self":[{"href":"http:\/\/ecsevilla.org\/deportes\/wp-json\/wp\/v2\/posts\/3531","targetHints":{"allow":["GET"]}}],"collection":[{"href":"http:\/\/ecsevilla.org\/deportes\/wp-json\/wp\/v2\/posts"}],"about":[{"href":"http:\/\/ecsevilla.org\/deportes\/wp-json\/wp\/v2\/types\/post"}],"author":[{"embeddable":true,"href":"http:\/\/ecsevilla.org\/deportes\/wp-json\/wp\/v2\/users\/214"}],"replies":[{"embeddable":true,"href":"http:\/\/ecsevilla.org\/deportes\/wp-json\/wp\/v2\/comments?post=3531"}],"version-history":[{"count":4,"href":"http:\/\/ecsevilla.org\/deportes\/wp-json\/wp\/v2\/posts\/3531\/revisions"}],"predecessor-version":[{"id":3542,"href":"http:\/\/ecsevilla.org\/deportes\/wp-json\/wp\/v2\/posts\/3531\/revisions\/3542"}],"wp:featuredmedia":[{"embeddable":true,"href":"http:\/\/ecsevilla.org\/deportes\/wp-json\/wp\/v2\/media\/3534"}],"wp:attachment":[{"href":"http:\/\/ecsevilla.org\/deportes\/wp-json\/wp\/v2\/media?parent=3531"}],"wp:term":[{"taxonomy":"category","embeddable":true,"href":"http:\/\/ecsevilla.org\/deportes\/wp-json\/wp\/v2\/categories?post=3531"},{"taxonomy":"post_tag","embeddable":true,"href":"http:\/\/ecsevilla.org\/deportes\/wp-json\/wp\/v2\/tags?post=3531"}],"curies":[{"name":"wp","href":"https:\/\/api.w.org\/{rel}","templated":true}]}}