{"id":3523,"date":"2024-06-20T09:16:36","date_gmt":"2024-06-20T07:16:36","guid":{"rendered":"http:\/\/ecsevilla.org\/deportes\/?p=3523"},"modified":"2024-07-02T09:44:58","modified_gmt":"2024-07-02T07:44:58","slug":"los-equipos-alevines-sevillanos-cierran-su-participacion-en-los-juegos-nacionales-escolares-2024","status":"publish","type":"post","link":"http:\/\/ecsevilla.org\/deportes\/los-equipos-alevines-sevillanos-cierran-su-participacion-en-los-juegos-nacionales-escolares-2024\/","title":{"rendered":"Los equipos alevines sevillanos cierran su participaci\u00f3n en los Juegos Nacionales Escolares 2024"},"content":{"rendered":"<p style=\"text-align: justify;\"><span style=\"font-family: arial, helvetica, sans-serif; font-size: 14pt;\"><a href=\"http:\/\/ecsevilla.org\/deportes\/wp-content\/uploads\/2024\/06\/GQcVBaDXIAAQ5sH-scaled.jpg\"><img loading=\"lazy\" decoding=\"async\" class=\"size-full wp-image-3528 aligncenter\" src=\"http:\/\/ecsevilla.org\/deportes\/wp-content\/uploads\/2024\/06\/GQcVBaDXIAAQ5sH-scaled.jpg\" alt=\"\" width=\"2560\" height=\"1742\" srcset=\"http:\/\/ecsevilla.org\/deportes\/wp-content\/uploads\/2024\/06\/GQcVBaDXIAAQ5sH-scaled.jpg 2560w, http:\/\/ecsevilla.org\/deportes\/wp-content\/uploads\/2024\/06\/GQcVBaDXIAAQ5sH-300x204.jpg 300w, http:\/\/ecsevilla.org\/deportes\/wp-content\/uploads\/2024\/06\/GQcVBaDXIAAQ5sH-1024x697.jpg 1024w, http:\/\/ecsevilla.org\/deportes\/wp-content\/uploads\/2024\/06\/GQcVBaDXIAAQ5sH-768x522.jpg 768w, http:\/\/ecsevilla.org\/deportes\/wp-content\/uploads\/2024\/06\/GQcVBaDXIAAQ5sH-1536x1045.jpg 1536w, http:\/\/ecsevilla.org\/deportes\/wp-content\/uploads\/2024\/06\/GQcVBaDXIAAQ5sH-2048x1393.jpg 2048w\" sizes=\"auto, (max-width: 2560px) 100vw, 2560px\" \/><\/a><\/span><\/p>\n<p style=\"text-align: justify;\"><span style=\"font-family: arial, helvetica, sans-serif; font-size: 14pt;\">Del 14 al 19 de junio se ha celebrado en la localidad malague\u00f1a de Torremolinos la vigesimooctava edici\u00f3n de los Juegos Nacionales Escolares EMDE. <\/span><\/p>\n<p style=\"text-align: justify;\"><span style=\"font-family: arial, helvetica, sans-serif; font-size: 14pt;\">En baloncesto femenino hemos contado con la participaci\u00f3n de Sagrada Familia de Urgel.<\/span><\/p>\n<p style=\"text-align: justify;\"><span style=\"font-family: arial, helvetica, sans-serif; font-size: 14pt;\">Safaur acab\u00f3 en tercera posici\u00f3n su fase regular, tras las derrotas 59:42 frente a La Asunci\u00f3n de M\u00e1laga y 32:36 frente a San Patricio Serrano de Madrid, y la victoria 55:27 frente a Mater Immaculata de Madrid<\/span><span style=\"font-family: arial, helvetica, sans-serif; font-size: 14pt;\">. En la lucha por el quinto puesto, cay\u00f3 derrotado por 52:69 frente a San Patricio Moraleja de Madrid y venciendo en la lucha por el s\u00e9ptimo puesto 54:7 frente a Mater Immaculata de Madrid.<\/span><\/p>\n<p style=\"text-align: justify;\"><span style=\"font-family: arial, helvetica, sans-serif; font-size: 14pt;\">En baloncesto masculino hemos contado con la participaci\u00f3n de Claret y Sagrada Familia de Urgel.<\/span><\/p>\n<p style=\"text-align: justify;\"><span style=\"font-family: arial, helvetica, sans-serif; font-size: 14pt;\">Claret acab\u00f3 en tercera posici\u00f3n su fase regular, tras las derrotas 47:68 frente a El Prado de Madrid y 52:2 frente a Claret A de Las Palmas. En las semifinales por el noveno puesto perdi\u00f3 41:36 con Claret B de Las Palmas y posteriormente cay\u00f3 48:14 frente a Sagrada Familia De Urgel de Sevilla.<\/span><\/p>\n<p style=\"text-align: justify;\"><span style=\"font-family: arial, helvetica, sans-serif; font-size: 14pt;\">Safaur acab\u00f3 en tercera posici\u00f3n su fase regular, tras las derrotas 24:60 frente a San Patricio Serrano de Madrid y 54:27 frente a Apostolado de Valladolid. En las semifinales por el noveno puesto perdi\u00f3 51:33 con San Patricio Moraleja de Madrid y posteriormente venci\u00f3 48:14 frente a Claret de Sevilla.<\/span><\/p>\n<p style=\"text-align: justify;\"><span style=\"font-family: arial, helvetica, sans-serif; font-size: 14pt;\">En f\u00fatbol 7, la representaci\u00f3n sevillana estuvo compuesta por CEU San Pablo y Claret.<\/span><\/p>\n<p style=\"text-align: justify;\"><span style=\"font-family: arial, helvetica, sans-serif; font-size: 14pt;\"><a href=\"http:\/\/ecsevilla.org\/deportes\/wp-content\/uploads\/2024\/06\/GQL6jYaWgAAdek1-scaled.jpg\"><img loading=\"lazy\" decoding=\"async\" class=\"alignright wp-image-3526\" src=\"http:\/\/ecsevilla.org\/deportes\/wp-content\/uploads\/2024\/06\/GQL6jYaWgAAdek1-scaled.jpg\" alt=\"\" width=\"317\" height=\"219\" srcset=\"http:\/\/ecsevilla.org\/deportes\/wp-content\/uploads\/2024\/06\/GQL6jYaWgAAdek1-scaled.jpg 2560w, http:\/\/ecsevilla.org\/deportes\/wp-content\/uploads\/2024\/06\/GQL6jYaWgAAdek1-300x208.jpg 300w, http:\/\/ecsevilla.org\/deportes\/wp-content\/uploads\/2024\/06\/GQL6jYaWgAAdek1-1024x709.jpg 1024w, http:\/\/ecsevilla.org\/deportes\/wp-content\/uploads\/2024\/06\/GQL6jYaWgAAdek1-768x532.jpg 768w, http:\/\/ecsevilla.org\/deportes\/wp-content\/uploads\/2024\/06\/GQL6jYaWgAAdek1-1536x1063.jpg 1536w, http:\/\/ecsevilla.org\/deportes\/wp-content\/uploads\/2024\/06\/GQL6jYaWgAAdek1-2048x1418.jpg 2048w\" sizes=\"auto, (max-width: 317px) 100vw, 317px\" \/><\/a>En la fase regular, CEU San Pablo finaliz\u00f3 en tercera posici\u00f3n tras las derrotas 1:6 ante San Patricio Moraleja y las victorias 10:0 antes Ntra. Sra. De Las Nieves de Madrid y 3:1 ante Claret A de Las Palmas. <\/span><span style=\"font-family: arial, helvetica, sans-serif; font-size: 14pt;\">En el \u00faltimo partido, en la lucha por el quinto puesto, perdi\u00f3 1:5 ante Asuci\u00f3n Cuestablanca de Madrid.<\/span><\/p>\n<p style=\"text-align: justify;\"><span style=\"font-family: arial, helvetica, sans-serif; font-size: 14pt;\">Por su parte, Claret acab\u00f3 en primera posici\u00f3n su fase regular, tras la victoria 8:0 ante Claret B de Las Palmas, 10:0 ante Jes\u00fas Mar\u00eda de Madrid y 10:0 ante Asunci\u00f3n Cuestablanca, y el empate 3:3 ante Virgen del Carmen de C\u00f3rdoba. En semifinales super\u00f3 6:2 a San Patricio Moraleja de Madrid y en la final venci\u00f3 3:1 ante Virgen del Carmen de C\u00f3rdoba.<br \/>\n<\/span><\/p>\n<p style=\"text-align: justify;\"><span style=\"font-family: arial, helvetica, sans-serif; font-size: 14pt;\">En f\u00fatbol sala, la representaci\u00f3n sevillana estuvo abanderada por el colegio Claret.<\/span><\/p>\n<p style=\"text-align: justify;\"><span style=\"font-family: arial, helvetica, sans-serif; font-size: 14pt;\"><a href=\"http:\/\/ecsevilla.org\/deportes\/wp-content\/uploads\/2024\/06\/GQL6zXPWgAAO5M1-scaled.jpg\"><img loading=\"lazy\" decoding=\"async\" class=\"alignright wp-image-3527\" src=\"http:\/\/ecsevilla.org\/deportes\/wp-content\/uploads\/2024\/06\/GQL6zXPWgAAO5M1-scaled.jpg\" alt=\"\" width=\"381\" height=\"254\" srcset=\"http:\/\/ecsevilla.org\/deportes\/wp-content\/uploads\/2024\/06\/GQL6zXPWgAAO5M1-scaled.jpg 2560w, http:\/\/ecsevilla.org\/deportes\/wp-content\/uploads\/2024\/06\/GQL6zXPWgAAO5M1-300x200.jpg 300w, http:\/\/ecsevilla.org\/deportes\/wp-content\/uploads\/2024\/06\/GQL6zXPWgAAO5M1-1024x682.jpg 1024w, http:\/\/ecsevilla.org\/deportes\/wp-content\/uploads\/2024\/06\/GQL6zXPWgAAO5M1-768x512.jpg 768w, http:\/\/ecsevilla.org\/deportes\/wp-content\/uploads\/2024\/06\/GQL6zXPWgAAO5M1-1536x1023.jpg 1536w, http:\/\/ecsevilla.org\/deportes\/wp-content\/uploads\/2024\/06\/GQL6zXPWgAAO5M1-2048x1365.jpg 2048w\" sizes=\"auto, (max-width: 381px) 100vw, 381px\" \/><\/a>El equipo heliopolitano acab\u00f3 en cuarta posici\u00f3n su fase regular, tras el empate 2:2 frente a Fray Luis de Le\u00f3n de Madrid y las derrotas 1:5 frente a Parque Clavero de M\u00e1laga y 4:0 frente a Jes\u00fas Mar\u00eda de Madrid. En el triangular por el quinto puesto, venci\u00f3 3:8 a Amor De Dios de Madrid y tambi\u00e9n 5:3 a Fray Luis de Le\u00f3n.<\/span><\/p>\n<p style=\"text-align: justify;\"><span style=\"font-family: arial, helvetica, sans-serif; font-size: 14pt;\">Y por \u00faltimo, en voleibol, la representaci\u00f3n sevillana estuvo abanderada por Los Rosales, CEU San Pablo A, CEU San Pablo B y Claret.<\/span><\/p>\n<p style=\"text-align: justify;\"><span style=\"font-family: arial, helvetica, sans-serif; font-size: 14pt;\">Los Rosales finaliz\u00f3 en primera posici\u00f3n su fase regular,tras las victorias 3:0 frente a San Patricio Moraleja de Madrid y 0:3 frente a Claret B de Las Palmas. En cuartos de final cay\u00f3 1:3 frente a Ntra. Sra. De Las Nieves de Madrid y en las semifinales por el quinto puesto venci\u00f3 2:1 frente a Santa Ana y San Rafael de Madrid, venciendo 3:0 a Claret B de Las Palmas en el \u00faltimo partido de la competici\u00f3n.<\/span><\/p>\n<p style=\"text-align: justify;\"><span style=\"font-family: arial, helvetica, sans-serif; font-size: 14pt;\"><a href=\"http:\/\/ecsevilla.org\/deportes\/wp-content\/uploads\/2024\/06\/GQHK7o-W8AAsVgP.jpg\"><img loading=\"lazy\" decoding=\"async\" class=\"alignright wp-image-3525\" src=\"http:\/\/ecsevilla.org\/deportes\/wp-content\/uploads\/2024\/06\/GQHK7o-W8AAsVgP.jpg\" alt=\"\" width=\"333\" height=\"343\" srcset=\"http:\/\/ecsevilla.org\/deportes\/wp-content\/uploads\/2024\/06\/GQHK7o-W8AAsVgP.jpg 739w, http:\/\/ecsevilla.org\/deportes\/wp-content\/uploads\/2024\/06\/GQHK7o-W8AAsVgP-291x300.jpg 291w\" sizes=\"auto, (max-width: 333px) 100vw, 333px\" \/><\/a>CEU San Pablo B finaliz\u00f3 en tercera posici\u00f3n su fase regular, tras las derrotas 3:0 frente a Claret de Sevilla y 0:3 frente a Santa Ana y San Rafael de Madrid. En las semifinales por el noveno puesto venci\u00f3 2:1 frente a Asunci\u00f3n Cuestablanca de Madrid y posteriormente perdi\u00f3 3:0 frente a San Patricio Moraleja de Madrid.<br \/>\n<\/span><\/p>\n<p style=\"text-align: justify;\"><span style=\"font-family: arial, helvetica, sans-serif; font-size: 14pt;\">CEU San Pablo A finaliz\u00f3 en primera posici\u00f3n su fase regular, tras las victorias 1:2 frente a Ntra. Sra. De Las Nieves de Madrid y 2:1 frente a Sp\u00ednola Pedralejo de M\u00e1laga. En cuartos de final logr\u00f3 la victoria frente a Claret B de Las Palmas, clasific\u00e1ndose para semifinales, en las que cay\u00f3 en un apretado encuentro 3:2 frente a Claret de Sevilla. En la lucha por el bronce, venci\u00f3 3:0 a Ntra. Sra. De Las Nieves de Madrid.<br \/>\n<\/span><\/p>\n<p style=\"text-align: justify;\"><span style=\"font-family: arial, helvetica, sans-serif; font-size: 14pt;\">El equipo heliopolitano finaliz\u00f3 en primera posici\u00f3n la fase regular, tras las victorias 3:0 ante CEU San Pablo B de Sevilla y 0:3 ante Santa Ana y San Rafael de Madrid. En cuartos de final venci\u00f3 3:1 a Apostolado de Valladolid y en semifinales super\u00f3 a CEU San Pablo A de Sevilla por un ajuntado 3:2, plant\u00e1ndose en la gran final en la que no pudo superar a Claret A de Las Palmas, donde cay\u00f3 derrotado por 3:0.<\/span><\/p>\n<p>&nbsp;<\/p>\n<p><a href=\"http:\/\/ecsevilla.org\/deportes\/wp-content\/uploads\/2024\/06\/alevines-2024-scaled.jpg\"><img loading=\"lazy\" decoding=\"async\" class=\"alignright size-full wp-image-3524\" src=\"http:\/\/ecsevilla.org\/deportes\/wp-content\/uploads\/2024\/06\/alevines-2024-scaled.jpg\" alt=\"\" width=\"1448\" height=\"2560\" srcset=\"http:\/\/ecsevilla.org\/deportes\/wp-content\/uploads\/2024\/06\/alevines-2024-scaled.jpg 1448w, http:\/\/ecsevilla.org\/deportes\/wp-content\/uploads\/2024\/06\/alevines-2024-170x300.jpg 170w, http:\/\/ecsevilla.org\/deportes\/wp-content\/uploads\/2024\/06\/alevines-2024-579x1024.jpg 579w, http:\/\/ecsevilla.org\/deportes\/wp-content\/uploads\/2024\/06\/alevines-2024-768x1358.jpg 768w, http:\/\/ecsevilla.org\/deportes\/wp-content\/uploads\/2024\/06\/alevines-2024-869x1536.jpg 869w, http:\/\/ecsevilla.org\/deportes\/wp-content\/uploads\/2024\/06\/alevines-2024-1158x2048.jpg 1158w\" sizes=\"auto, (max-width: 1448px) 100vw, 1448px\" \/><\/a><\/p>\n","protected":false},"excerpt":{"rendered":"<p>Del 14 al 19 de junio se ha celebrado en la localidad malague\u00f1a de Torremolinos la vigesimooctava edici\u00f3n de los Juegos Nacionales Escolares EMDE. En baloncesto femenino hemos contado con&hellip; <\/p>\n","protected":false},"author":214,"featured_media":3526,"comment_status":"closed","ping_status":"open","sticky":false,"template":"","format":"standard","meta":{"footnotes":""},"categories":[37,10],"tags":[34],"class_list":["post-3523","post","type-post","status-publish","format-standard","has-post-thumbnail","hentry","category-juegos-emde","category-noticias","tag-juegos-emde"],"_links":{"self":[{"href":"http:\/\/ecsevilla.org\/deportes\/wp-json\/wp\/v2\/posts\/3523","targetHints":{"allow":["GET"]}}],"collection":[{"href":"http:\/\/ecsevilla.org\/deportes\/wp-json\/wp\/v2\/posts"}],"about":[{"href":"http:\/\/ecsevilla.org\/deportes\/wp-json\/wp\/v2\/types\/post"}],"author":[{"embeddable":true,"href":"http:\/\/ecsevilla.org\/deportes\/wp-json\/wp\/v2\/users\/214"}],"replies":[{"embeddable":true,"href":"http:\/\/ecsevilla.org\/deportes\/wp-json\/wp\/v2\/comments?post=3523"}],"version-history":[{"count":4,"href":"http:\/\/ecsevilla.org\/deportes\/wp-json\/wp\/v2\/posts\/3523\/revisions"}],"predecessor-version":[{"id":3640,"href":"http:\/\/ecsevilla.org\/deportes\/wp-json\/wp\/v2\/posts\/3523\/revisions\/3640"}],"wp:featuredmedia":[{"embeddable":true,"href":"http:\/\/ecsevilla.org\/deportes\/wp-json\/wp\/v2\/media\/3526"}],"wp:attachment":[{"href":"http:\/\/ecsevilla.org\/deportes\/wp-json\/wp\/v2\/media?parent=3523"}],"wp:term":[{"taxonomy":"category","embeddable":true,"href":"http:\/\/ecsevilla.org\/deportes\/wp-json\/wp\/v2\/categories?post=3523"},{"taxonomy":"post_tag","embeddable":true,"href":"http:\/\/ecsevilla.org\/deportes\/wp-json\/wp\/v2\/tags?post=3523"}],"curies":[{"name":"wp","href":"https:\/\/api.w.org\/{rel}","templated":true}]}}