{"id":3506,"date":"2024-06-05T13:42:29","date_gmt":"2024-06-05T11:42:29","guid":{"rendered":"http:\/\/ecsevilla.org\/deportes\/?p=3506"},"modified":"2024-06-06T11:03:35","modified_gmt":"2024-06-06T09:03:35","slug":"los-xxxiii-juegos-deportivos-escolares-de-escuelas-catolicas-sevilla-cerraron-la-temporada-el-pasado-sabado-1-de-junio-en-las-instalaciones-de-ceu-andalucia","status":"publish","type":"post","link":"http:\/\/ecsevilla.org\/deportes\/los-xxxiii-juegos-deportivos-escolares-de-escuelas-catolicas-sevilla-cerraron-la-temporada-el-pasado-sabado-1-de-junio-en-las-instalaciones-de-ceu-andalucia\/","title":{"rendered":"Los XXXIII Juegos Deportivos Escolares de Escuelas Cat\u00f3licas Sevilla cerraron la temporada el pasado s\u00e1bado 1 de junio en las instalaciones de CEU Andaluc\u00eda"},"content":{"rendered":"<p style=\"text-align: center;\"><span style=\"font-family: arial, helvetica, sans-serif; font-size: 14pt;\"><strong>Tras ocho meses de competici\u00f3n, los colegios participantes disputaron las finales en una emocionante jornada con encuentros de baloncesto, f\u00fatbol 7, f\u00fatbol sala y voleibol.<\/strong><\/span><\/p>\n<p><a href=\"http:\/\/ecsevilla.org\/deportes\/wp-content\/uploads\/2024\/06\/V5A5018-scaled.jpg\"><img loading=\"lazy\" decoding=\"async\" class=\"alignright size-full wp-image-3508\" src=\"http:\/\/ecsevilla.org\/deportes\/wp-content\/uploads\/2024\/06\/V5A5018-scaled.jpg\" alt=\"\" width=\"2560\" height=\"1707\" srcset=\"http:\/\/ecsevilla.org\/deportes\/wp-content\/uploads\/2024\/06\/V5A5018-scaled.jpg 2560w, http:\/\/ecsevilla.org\/deportes\/wp-content\/uploads\/2024\/06\/V5A5018-300x200.jpg 300w, http:\/\/ecsevilla.org\/deportes\/wp-content\/uploads\/2024\/06\/V5A5018-1024x683.jpg 1024w, http:\/\/ecsevilla.org\/deportes\/wp-content\/uploads\/2024\/06\/V5A5018-768x512.jpg 768w, http:\/\/ecsevilla.org\/deportes\/wp-content\/uploads\/2024\/06\/V5A5018-1536x1024.jpg 1536w, http:\/\/ecsevilla.org\/deportes\/wp-content\/uploads\/2024\/06\/V5A5018-2048x1365.jpg 2048w\" sizes=\"auto, (max-width: 2560px) 100vw, 2560px\" \/><\/a><\/p>\n<p>&nbsp;<\/p>\n<p>&nbsp;<\/p>\n<p>&nbsp;<\/p>\n<p style=\"text-align: justify;\">\n<p style=\"text-align: justify;\"><span style=\"font-family: arial, helvetica, sans-serif; font-size: 14pt;\">Las instalaciones deportivas del Campus Universitario CEU Andaluc\u00eda y el Colegio CEU San Pablo albergaron el s\u00e1bado 1 de junio, por segundo a\u00f1o consecutivo, la jornada final de esta competici\u00f3n escolar provincial para poner el broche definitivo a su 33\u00aa edici\u00f3n.<\/span><\/p>\n<p style=\"text-align: justify;\"><span style=\"font-family: arial, helvetica, sans-serif; font-size: 14pt;\">Se trataba del d\u00eda m\u00e1s importante del curso colegial deportivo, ya que los equipos recogieron el fruto a lo cosechado a lo largo de todo este curso. Junto a los premios y trofeos a los mejores clasificados, los participantes disfrutaron de la alegr\u00eda y la satisfacci\u00f3n que supone participar en este d\u00eda junto a todos sus acompa\u00f1antes.<\/span><\/p>\n<p style=\"text-align: justify;\"><span style=\"font-family: arial, helvetica, sans-serif; font-size: 14pt;\">La jornada estuvo compuesta por un total de 28 encuentros de baloncesto, f\u00fatbol 7, f\u00fatbol sala y voleibol, desde categor\u00eda prebenjam\u00edn (1\u00ba y 2\u00ba de Primaria) hasta la cadete (3\u00ba y 4\u00ba de Secundaria) incluyendo partidos desde las 9h de la ma\u00f1ana hasta las 14h de la tarde. <\/span><\/p>\n<p style=\"text-align: justify;\"><span style=\"font-family: arial, helvetica, sans-serif; font-size: 14pt;\">A la finalizaci\u00f3n de la misma tuvo lugar la ceremonia de entrega de trofeos, presentada por Manuel Garc\u00eda, Coordinador del Departamento de Deporte Escolar y Valores y Secretario T\u00e9cnico de Escuelas Cat\u00f3licas Sevilla. En ella, tuvimos el honor de contar con la presidente de nuestra instituci\u00f3n y directora del colegio Santa Joaquina De Vedruna, Roc\u00edo Guerrero; nuestro vicepresidente y director del colegio salesiano San Juan Bosco de Mor\u00f3n de la Frontera, Jos\u00e9 Mar\u00eda Santos; y Raquel Ruiz, miembro de la Junta Provincial y directora del colegio Ntra. Sra. De Los Reyes &#8211; SAFA. En representaci\u00f3n de la Fundaci\u00f3n CEU San Pablo disfrutamos de la presencia de Rafael Barea, subdirector del colegio CEU San Pablo.<\/span><\/p>\n<p style=\"text-align: justify;\"><span style=\"font-family: arial, helvetica, sans-serif; font-size: 14pt;\">Escuelas Cat\u00f3licas Sevilla es la marca que agrupa a FERE-CECA Sevilla (Federaci\u00f3n Religiosos de la Ense\u00f1anza y Centros Cat\u00f3licos) y Educaci\u00f3n y Gesti\u00f3n de Sevilla, siendo la responsable de llevar a cabo desde el a\u00f1o 1991 el programa Juegos Deportivos Escolares, una de las competiciones escolares provinciales m\u00e1s numerosas del territorio nacional. En la presente edici\u00f3n, la competici\u00f3n registra su segunda mejor temporada hist\u00f3rica en n\u00famero de centros y deportistas inscritos, con un total de 30 centros escolares y 5100 jugadores. La instituci\u00f3n no solo fomenta la pr\u00e1ctica del deporte como medio y estilo de vida saludable, ya que de manera prioritaria colabora con los centros educativos mediante la transmisi\u00f3n de valores positivos y la formaci\u00f3n integral de los alumnos a trav\u00e9s del deporte, facilitando herramientas que contribuyan a conformar generaciones de buenos deportistas y mejores personas.<\/span><\/p>\n<p style=\"text-align: justify;\"><span style=\"font-family: arial, helvetica, sans-serif; font-size: 14pt;\">Tras estas dos campa\u00f1as en las que se cumple el acuerdo entre Escuelas Cat\u00f3licas Sevilla y la Fundaci\u00f3n CEU Andaluc\u00eda para ejercer como anfitri\u00f3n de este d\u00eda tan se\u00f1alado, la organizaci\u00f3n de la competici\u00f3n tiene ya cerrado con el colegio Claret el acuerdo para la celebraci\u00f3n de las clausuras de las temporadas 2024-2025 y 2025-2026.<\/span><\/p>\n<p style=\"text-align: center;\"><span style=\"font-family: arial, helvetica, sans-serif; font-size: 14pt;\"><strong> <a href=\"http:\/\/ecsevilla.org\/deportes\/wp-content\/uploads\/2024\/06\/V5A4916.jpg\"><img loading=\"lazy\" decoding=\"async\" class=\"size-full wp-image-3510 aligncenter\" src=\"http:\/\/ecsevilla.org\/deportes\/wp-content\/uploads\/2024\/06\/V5A4916.jpg\" alt=\"\" width=\"709\" height=\"472\" srcset=\"http:\/\/ecsevilla.org\/deportes\/wp-content\/uploads\/2024\/06\/V5A4916.jpg 709w, http:\/\/ecsevilla.org\/deportes\/wp-content\/uploads\/2024\/06\/V5A4916-300x200.jpg 300w\" sizes=\"auto, (max-width: 709px) 100vw, 709px\" \/><\/a><\/strong><\/span><\/p>\n<p style=\"text-align: justify;\"><span style=\"font-family: arial, helvetica, sans-serif; font-size: 14pt;\">\u00a0<\/span><\/p>\n<p style=\"text-align: justify;\"><span style=\"font-family: arial, helvetica, sans-serif; font-size: 14pt;\">\u00a0<\/span><\/p>\n<p style=\"text-align: justify;\"><span style=\"font-family: arial, helvetica, sans-serif; font-size: 14pt;\">\u00a0<\/span><\/p>\n<h3><\/h3>\n<p>&nbsp;<\/p>\n<p>&nbsp;<\/p>\n<p>&nbsp;<\/p>\n","protected":false},"excerpt":{"rendered":"<p>Tras ocho meses de competici\u00f3n, los colegios participantes disputaron las finales en una emocionante jornada con encuentros de baloncesto, f\u00fatbol 7, f\u00fatbol sala y voleibol. &nbsp; &nbsp; &nbsp; Las instalaciones&hellip; <\/p>\n","protected":false},"author":214,"featured_media":3510,"comment_status":"closed","ping_status":"open","sticky":false,"template":"","format":"standard","meta":{"footnotes":""},"categories":[10],"tags":[26],"class_list":["post-3506","post","type-post","status-publish","format-standard","has-post-thumbnail","hentry","category-noticias","tag-clausura"],"_links":{"self":[{"href":"http:\/\/ecsevilla.org\/deportes\/wp-json\/wp\/v2\/posts\/3506","targetHints":{"allow":["GET"]}}],"collection":[{"href":"http:\/\/ecsevilla.org\/deportes\/wp-json\/wp\/v2\/posts"}],"about":[{"href":"http:\/\/ecsevilla.org\/deportes\/wp-json\/wp\/v2\/types\/post"}],"author":[{"embeddable":true,"href":"http:\/\/ecsevilla.org\/deportes\/wp-json\/wp\/v2\/users\/214"}],"replies":[{"embeddable":true,"href":"http:\/\/ecsevilla.org\/deportes\/wp-json\/wp\/v2\/comments?post=3506"}],"version-history":[{"count":5,"href":"http:\/\/ecsevilla.org\/deportes\/wp-json\/wp\/v2\/posts\/3506\/revisions"}],"predecessor-version":[{"id":3513,"href":"http:\/\/ecsevilla.org\/deportes\/wp-json\/wp\/v2\/posts\/3506\/revisions\/3513"}],"wp:featuredmedia":[{"embeddable":true,"href":"http:\/\/ecsevilla.org\/deportes\/wp-json\/wp\/v2\/media\/3510"}],"wp:attachment":[{"href":"http:\/\/ecsevilla.org\/deportes\/wp-json\/wp\/v2\/media?parent=3506"}],"wp:term":[{"taxonomy":"category","embeddable":true,"href":"http:\/\/ecsevilla.org\/deportes\/wp-json\/wp\/v2\/categories?post=3506"},{"taxonomy":"post_tag","embeddable":true,"href":"http:\/\/ecsevilla.org\/deportes\/wp-json\/wp\/v2\/tags?post=3506"}],"curies":[{"name":"wp","href":"https:\/\/api.w.org\/{rel}","templated":true}]}}