{"id":3387,"date":"2023-07-04T09:30:12","date_gmt":"2023-07-04T07:30:12","guid":{"rendered":"http:\/\/ecsevilla.org\/deportes\/?p=3387"},"modified":"2023-07-19T08:38:35","modified_gmt":"2023-07-19T06:38:35","slug":"sagrada-familia-de-urgel-representara-a-espana-en-los-juegos-internacionales-fisec-2023-que-se-disputan-del-10-al-16-de-julio-en-dunkerque-francia","status":"publish","type":"post","link":"http:\/\/ecsevilla.org\/deportes\/sagrada-familia-de-urgel-representara-a-espana-en-los-juegos-internacionales-fisec-2023-que-se-disputan-del-10-al-16-de-julio-en-dunkerque-francia\/","title":{"rendered":"Sagrada Familia De Urgel representar\u00e1 a Espa\u00f1a en los Juegos Internacionales FISEC 2023 que se disputan del 10 al 16 de julio en Dunkerque (Francia)"},"content":{"rendered":"<p><a href=\"http:\/\/ecsevilla.org\/deportes\/wp-content\/uploads\/2023\/07\/FyrM9PnX0AAu-07.jpg\"><img loading=\"lazy\" decoding=\"async\" class=\"size-full wp-image-3389 aligncenter\" src=\"http:\/\/ecsevilla.org\/deportes\/wp-content\/uploads\/2023\/07\/FyrM9PnX0AAu-07.jpg\" alt=\"\" width=\"632\" height=\"274\" srcset=\"http:\/\/ecsevilla.org\/deportes\/wp-content\/uploads\/2023\/07\/FyrM9PnX0AAu-07.jpg 632w, http:\/\/ecsevilla.org\/deportes\/wp-content\/uploads\/2023\/07\/FyrM9PnX0AAu-07-300x130.jpg 300w\" sizes=\"auto, (max-width: 632px) 100vw, 632px\" \/><\/a><\/p>\n<p style=\"text-align: right;\"><span style=\"font-family: arial, helvetica, sans-serif; font-size: 14pt; color: #ff6600;\">Actualizado a 11 de julio de 2023 \/ 11:30h<\/span><\/p>\n<p style=\"text-align: justify;\"><span style=\"font-family: arial, helvetica, sans-serif; font-size: 14pt;\">Este mes de julio se disputan en la ciudad francesa de Dunkerque los <a href=\"https:\/\/www.fisec.org\/\" target=\"_blank\" rel=\"noopener\">Juegos FISEC<\/a>, organizados por la instituci\u00f3n hom\u00f3nima y cuyas siglas provienen de la Federaci\u00f3n Internacional Deportiva de la Ense\u00f1anza Cat\u00f3lica (<strong>F<\/strong>\u00e9d\u00e9ration <strong>I<\/strong>nternationale <strong>S<\/strong>portive de l\u2019<strong>E<\/strong>nseignement <strong>C<\/strong>atholique, en franc\u00e9s) y que engloba bajo un mismo signo a aquellas federaciones nacionales y\/o territoriales asociadas que fomentan la transmisi\u00f3n de valores a trav\u00e9s de la educaci\u00f3n cat\u00f3lica.<\/span><\/p>\n<p style=\"text-align: justify;\"><span style=\"font-family: arial, helvetica, sans-serif; font-size: 14pt;\">Los deportes que podr\u00e1n disfrutarse en este campeonato son baloncesto femenino, baloncesto masculino, f\u00fatbol sala masculino, balonmano masculino, voleibol femenino y voleibol masculino.<\/span><\/p>\n<p style=\"text-align: justify;\"><span style=\"font-family: arial, helvetica, sans-serif; font-size: 14pt;\"><a href=\"http:\/\/ecsevilla.org\/deportes\/wp-content\/uploads\/2023\/07\/53000686758_1fc50c5556_b.jpg\"><img loading=\"lazy\" decoding=\"async\" class=\"alignright wp-image-3388\" src=\"http:\/\/ecsevilla.org\/deportes\/wp-content\/uploads\/2023\/07\/53000686758_1fc50c5556_b.jpg\" alt=\"\" width=\"413\" height=\"280\" srcset=\"http:\/\/ecsevilla.org\/deportes\/wp-content\/uploads\/2023\/07\/53000686758_1fc50c5556_b.jpg 1024w, http:\/\/ecsevilla.org\/deportes\/wp-content\/uploads\/2023\/07\/53000686758_1fc50c5556_b-300x204.jpg 300w, http:\/\/ecsevilla.org\/deportes\/wp-content\/uploads\/2023\/07\/53000686758_1fc50c5556_b-768x521.jpg 768w\" sizes=\"auto, (max-width: 413px) 100vw, 413px\" \/><\/a>La competici\u00f3n se celebrar\u00e1 del 10 al 16 de julio de 2023 y Espa\u00f1a estar\u00e1 representada en baloncesto masculino por el colegio sevillano Sagrada Familia de Urgel.<\/span><\/p>\n<p style=\"text-align: justify;\"><span style=\"font-family: arial, helvetica, sans-serif; font-size: 14pt;\">Espa\u00f1a ha sido encuadrada en el Grupo A de la primera fase en formato de liga a una vuelta, en la que se enfrentar\u00e1 a Flandes, Francia y Chile. El Grupo B est\u00e1 conformado por Italia, Portugal y Austria. Los dos primeros clasificados de cada grupo se enfrentar\u00e1n en las semifinales y los vencedores de esta ronda disputar\u00e1n la gran final del torneo.<\/span><\/p>\n<p style=\"text-align: justify;\"><span style=\"font-family: arial, helvetica, sans-serif; font-size: 14pt;\">Nuestros chicos debutar\u00e1n en el torneo el martes 11 de julio a las 8:30h frente a Flandes en la primera jornada de la primera fase. A las 10:30h del d\u00eda siguiente se enfrentar\u00e1n a Francia, el equipo anfitri\u00f3n. Espa\u00f1a cerrar\u00e1 la primera fase disputando la tercera jornada el jueves 13 de julio a las 8:30h frente a Chile. En la segunda fase, las semifinales se disputar\u00e1n el viernes 14 y la gran final el s\u00e1bado 15 de julio.<\/span><\/p>\n<p style=\"text-align: justify;\"><span style=\"font-family: arial, helvetica, sans-serif; font-size: 14pt;\">Para una mayor informaci\u00f3n, pueden consultarse los datos al completo de la competici\u00f3n en la web <a href=\"https:\/\/www.fisec.org\/\" target=\"_blank\" rel=\"noopener\">fisec.org<\/a> y en <a href=\"https:\/\/www.ugsel.org\/sites\/default\/files\/pages\/pdf\/team%20sports%20Program%20per%20day_0.pdf\" target=\"_blank\" rel=\"noopener\">ugsel.org<\/a>.<\/span><\/p>\n<p style=\"text-align: justify;\"><span style=\"font-family: arial, helvetica, sans-serif; font-size: 14pt;\">Desde Escuelas Cat\u00f3licas Sevilla les deseamos, a ellos y al resto de la delegaci\u00f3n espa\u00f1ola, cosechen los \u00e9xitos deportivos y experiencias personales esperadas y regresen con unos momentos vividos inolvidables para el resto de sus vidas.<\/span><\/p>\n<p>&nbsp;<\/p>\n<p><span style=\"font-family: arial, helvetica, sans-serif; font-size: 14pt;\">Resultados:<\/span><\/p>\n<p><span style=\"font-family: arial, helvetica, sans-serif; font-size: 14pt;\">Fase Regular \/ Jornada 1: Espa\u00f1a 65 Flandes 56<\/span><\/p>\n<p><span style=\"font-family: arial, helvetica, sans-serif; font-size: 14pt;\">Fase Regular \/ Jornada 2: Espa\u00f1a 56 Francia 37<br \/>\n<\/span><\/p>\n<p><span style=\"font-family: arial, helvetica, sans-serif; font-size: 14pt;\">Fase Regular \/ Jornada 3: Espa\u00f1a 53 Chile 68<br \/>\n<\/span><\/p>\n<p><span style=\"font-family: arial, helvetica, sans-serif; font-size: 14pt;\">Fase Final \/ Semifinal: Espa\u00f1a 43 Austria 77<br \/>\n<\/span><\/p>\n<p><span style=\"font-family: arial, helvetica, sans-serif; font-size: 14pt;\">Fase Final \/ Tercer Y Cuarto Puesto: Espa\u00f1a 53 Chile 59<\/span><\/p>\n","protected":false},"excerpt":{"rendered":"<p>Actualizado a 11 de julio de 2023 \/ 11:30h Este mes de julio se disputan en la ciudad francesa de Dunkerque los Juegos FISEC, organizados por la instituci\u00f3n hom\u00f3nima y&hellip; <\/p>\n","protected":false},"author":214,"featured_media":3389,"comment_status":"closed","ping_status":"open","sticky":false,"template":"","format":"standard","meta":{"footnotes":""},"categories":[47,10],"tags":[],"class_list":["post-3387","post","type-post","status-publish","format-standard","has-post-thumbnail","hentry","category-juegos-fisec","category-noticias"],"_links":{"self":[{"href":"http:\/\/ecsevilla.org\/deportes\/wp-json\/wp\/v2\/posts\/3387","targetHints":{"allow":["GET"]}}],"collection":[{"href":"http:\/\/ecsevilla.org\/deportes\/wp-json\/wp\/v2\/posts"}],"about":[{"href":"http:\/\/ecsevilla.org\/deportes\/wp-json\/wp\/v2\/types\/post"}],"author":[{"embeddable":true,"href":"http:\/\/ecsevilla.org\/deportes\/wp-json\/wp\/v2\/users\/214"}],"replies":[{"embeddable":true,"href":"http:\/\/ecsevilla.org\/deportes\/wp-json\/wp\/v2\/comments?post=3387"}],"version-history":[{"count":7,"href":"http:\/\/ecsevilla.org\/deportes\/wp-json\/wp\/v2\/posts\/3387\/revisions"}],"predecessor-version":[{"id":3403,"href":"http:\/\/ecsevilla.org\/deportes\/wp-json\/wp\/v2\/posts\/3387\/revisions\/3403"}],"wp:featuredmedia":[{"embeddable":true,"href":"http:\/\/ecsevilla.org\/deportes\/wp-json\/wp\/v2\/media\/3389"}],"wp:attachment":[{"href":"http:\/\/ecsevilla.org\/deportes\/wp-json\/wp\/v2\/media?parent=3387"}],"wp:term":[{"taxonomy":"category","embeddable":true,"href":"http:\/\/ecsevilla.org\/deportes\/wp-json\/wp\/v2\/categories?post=3387"},{"taxonomy":"post_tag","embeddable":true,"href":"http:\/\/ecsevilla.org\/deportes\/wp-json\/wp\/v2\/tags?post=3387"}],"curies":[{"name":"wp","href":"https:\/\/api.w.org\/{rel}","templated":true}]}}