{"id":3376,"date":"2023-07-03T08:33:51","date_gmt":"2023-07-03T06:33:51","guid":{"rendered":"http:\/\/ecsevilla.org\/deportes\/?p=3376"},"modified":"2023-07-03T08:43:19","modified_gmt":"2023-07-03T06:43:19","slug":"la-representacion-cadete-sevillana-cierra-su-participacion-en-los-juegos-nacionales-escolares-2023","status":"publish","type":"post","link":"http:\/\/ecsevilla.org\/deportes\/la-representacion-cadete-sevillana-cierra-su-participacion-en-los-juegos-nacionales-escolares-2023\/","title":{"rendered":"La representaci\u00f3n cadete sevillana cierra su participaci\u00f3n en los Juegos Nacionales Escolares 2023"},"content":{"rendered":"<p style=\"text-align: justify;\"><span style=\"font-family: arial, helvetica, sans-serif; font-size: 14pt;\"><a href=\"http:\/\/ecsevilla.org\/deportes\/wp-content\/uploads\/2023\/07\/53000924559_7b0e667090_o-scaled.jpg\"><img loading=\"lazy\" decoding=\"async\" class=\"alignright size-full wp-image-3385\" src=\"http:\/\/ecsevilla.org\/deportes\/wp-content\/uploads\/2023\/07\/53000924559_7b0e667090_o-scaled.jpg\" alt=\"\" width=\"2560\" height=\"1707\" srcset=\"http:\/\/ecsevilla.org\/deportes\/wp-content\/uploads\/2023\/07\/53000924559_7b0e667090_o-scaled.jpg 2560w, http:\/\/ecsevilla.org\/deportes\/wp-content\/uploads\/2023\/07\/53000924559_7b0e667090_o-300x200.jpg 300w, http:\/\/ecsevilla.org\/deportes\/wp-content\/uploads\/2023\/07\/53000924559_7b0e667090_o-1024x683.jpg 1024w, http:\/\/ecsevilla.org\/deportes\/wp-content\/uploads\/2023\/07\/53000924559_7b0e667090_o-768x512.jpg 768w, http:\/\/ecsevilla.org\/deportes\/wp-content\/uploads\/2023\/07\/53000924559_7b0e667090_o-1536x1024.jpg 1536w, http:\/\/ecsevilla.org\/deportes\/wp-content\/uploads\/2023\/07\/53000924559_7b0e667090_o-2048x1365.jpg 2048w\" sizes=\"auto, (max-width: 2560px) 100vw, 2560px\" \/><\/a><\/span><\/p>\n<p>&nbsp;<\/p>\n<p style=\"text-align: justify;\"><span style=\"font-family: arial, helvetica, sans-serif; font-size: 14pt;\">Del 24 al 29 de junio se ha celebrado en la localidad malague\u00f1a de Torremolinos la vigesimos\u00e9ptima edici\u00f3n de los Juegos Nacionales Escolares EMDE 2023. <\/span><\/p>\n<p style=\"text-align: justify;\"><span style=\"font-family: arial, helvetica, sans-serif; font-size: 14pt;\">En baloncesto femenino hemos contado con la participaci\u00f3n de Entreolivos, Portaceli y Sagrada Familia de Urgel.<\/span><\/p>\n<p style=\"text-align: justify;\"><span style=\"font-family: arial, helvetica, sans-serif; font-size: 14pt;\">Entreolivos acab\u00f3 en tercera posici\u00f3n su fase regular, tras las derrotas 25:37 frente a Mater Immaculata de Madrid y 5:56 frente a Teresianas de M\u00e1laga. En la lucha por el noveno puesto, cay\u00f3 derrotado por 17:35 frente a Calasancio de Madrid y siendo derrotado tambi\u00e9n en la lucha por el und\u00e9cimo puesto 22:30 frente a San Jos\u00e9 de Valladolid.<\/span><\/p>\n<p style=\"text-align: justify;\"><span style=\"font-family: arial, helvetica, sans-serif; font-size: 14pt;\"><a href=\"http:\/\/ecsevilla.org\/deportes\/wp-content\/uploads\/2023\/06\/53000582655_f12492c010_o-scaled.jpg\"><img loading=\"lazy\" decoding=\"async\" class=\"alignright wp-image-3378\" src=\"http:\/\/ecsevilla.org\/deportes\/wp-content\/uploads\/2023\/06\/53000582655_f12492c010_o-scaled.jpg\" alt=\"\" width=\"394\" height=\"271\" srcset=\"http:\/\/ecsevilla.org\/deportes\/wp-content\/uploads\/2023\/06\/53000582655_f12492c010_o-scaled.jpg 2560w, http:\/\/ecsevilla.org\/deportes\/wp-content\/uploads\/2023\/06\/53000582655_f12492c010_o-300x207.jpg 300w, http:\/\/ecsevilla.org\/deportes\/wp-content\/uploads\/2023\/06\/53000582655_f12492c010_o-1024x705.jpg 1024w, http:\/\/ecsevilla.org\/deportes\/wp-content\/uploads\/2023\/06\/53000582655_f12492c010_o-768x529.jpg 768w, http:\/\/ecsevilla.org\/deportes\/wp-content\/uploads\/2023\/06\/53000582655_f12492c010_o-1536x1058.jpg 1536w, http:\/\/ecsevilla.org\/deportes\/wp-content\/uploads\/2023\/06\/53000582655_f12492c010_o-2048x1410.jpg 2048w\" sizes=\"auto, (max-width: 394px) 100vw, 394px\" \/><\/a>SaFaUr acab\u00f3 en tercera posici\u00f3n su fase regular, tras las derrotas 29:43 frente a Gamarra de M\u00e1laga y 21:43 frente a BVM Irlandesas de Madrid. En las semifinales por el noveno puesto venci\u00f3 39:19 a San Jos\u00e9 de Valladolid y posteriormente venci\u00f3 25:21 a Calasancio de Madrid.<\/span><\/p>\n<p style=\"text-align: justify;\"><span style=\"font-family: arial, helvetica, sans-serif; font-size: 14pt;\">Portaceli finaliz\u00f3 en segunda posici\u00f3n su fase regular, tras la derrota 10:60 ante La Asunci\u00f3n de M\u00e1laga y la victoria 51:28 ante San Jos\u00e9 de Valladolid. En cuartos de final cay\u00f3 derrotado 29:59 ante Gamarra de M\u00e1laga. Posteriormente, en la lucha por el quinto puesto, cay\u00f3 en semifinales 16:32 ante Mater Immaculata de Madrid y m\u00e1s tarde perdi\u00f3 20:69 ante Teresianas de M\u00e1laga en la lucha por el s\u00e9ptimo puesto.<\/span><\/p>\n<p style=\"text-align: justify;\"><span style=\"font-family: arial, helvetica, sans-serif; font-size: 14pt;\">En baloncesto masculino hemos contado con la participaci\u00f3n de Maristas San Fernando y Sagrada Familia de Urgel.<\/span><\/p>\n<p style=\"text-align: justify;\"><span style=\"font-family: arial, helvetica, sans-serif; font-size: 14pt;\">Maristas San Fernando finaliz\u00f3 en segunda posici\u00f3n su fase regular, tras la derrota 28:70 ante San Patricio Soto de Madrid y la victoria 53:45 ante Claret B de Las Palmas. En cuartos de final cay\u00f3 derrotado 53:55 ante La Salle San Ildefonso de Tenerife. Posteriormente, en la lucha por el quinto puesto, cay\u00f3 en semifinales 21:57 ante Salesianos San Bartolom\u00e9 de M\u00e1laga y m\u00e1s tarde perdi\u00f3 36:44 ante Gamarra de M\u00e1laga en la lucha por el s\u00e9ptimo puesto.<\/span><\/p>\n<p style=\"text-align: justify;\"><span style=\"font-family: arial, helvetica, sans-serif; font-size: 14pt;\">Sagrada Familia De Urgel finaliz\u00f3 en segunda posici\u00f3n su fase regular, tras la victoria 60:42 ante Claret de Madrid y la derrota 30:64 ante Ntra. Sra. Del Buen Consejo de Tenerife. En cuartos de final cay\u00f3 derrotado 3:53 ante Claret A de Las Palmas. Posteriormente, en las semifinales por el quinto puesto venci\u00f3 49:33 ante Gamarra de M\u00e1laga y a continuaci\u00f3n cay\u00f3 derrotado 44:56 ante Salesianos San Bartolom\u00e9 de M\u00e1laga.<\/span><\/p>\n<p style=\"text-align: justify;\"><span style=\"font-family: arial, helvetica, sans-serif; font-size: 14pt;\">En f\u00fatbol 11, la representaci\u00f3n sevillana estuvo compuesta por CEU San Pablo, Portaceli y Claret.<\/span><\/p>\n<p style=\"text-align: justify;\"><span style=\"font-family: arial, helvetica, sans-serif; font-size: 14pt;\"><a href=\"http:\/\/ecsevilla.org\/deportes\/wp-content\/uploads\/2023\/06\/52999606482_832fd193fb_b.jpg\"><img loading=\"lazy\" decoding=\"async\" class=\"wp-image-3380 alignleft\" src=\"http:\/\/ecsevilla.org\/deportes\/wp-content\/uploads\/2023\/06\/52999606482_832fd193fb_b.jpg\" alt=\"\" width=\"408\" height=\"272\" srcset=\"http:\/\/ecsevilla.org\/deportes\/wp-content\/uploads\/2023\/06\/52999606482_832fd193fb_b.jpg 1024w, http:\/\/ecsevilla.org\/deportes\/wp-content\/uploads\/2023\/06\/52999606482_832fd193fb_b-300x200.jpg 300w, http:\/\/ecsevilla.org\/deportes\/wp-content\/uploads\/2023\/06\/52999606482_832fd193fb_b-768x512.jpg 768w\" sizes=\"auto, (max-width: 408px) 100vw, 408px\" \/><\/a>En la fase regular, CEU San Pablo finaliz\u00f3 en sexta posici\u00f3n tras las derrotas 0:6 ante Maristas Col\u00f3n de Huelva, 0:6 ante Claret de Sevilla, 0:3 ante Claret de Las Palmas y 0:2 ante Portaceli de Sevilla, y el empate 3:3 ante San Jos\u00e9 de Valladolid. En el \u00faltimo partido, en la lucha por el quinto puesto, perdi\u00f3 1:10 ante Maristas Col\u00f3n de Huelva.<\/span><\/p>\n<p style=\"text-align: justify;\"><span style=\"font-family: arial, helvetica, sans-serif; font-size: 14pt;\">Portaceli finaliz\u00f3 su fase regular en tercera posici\u00f3n, tras la derrota 2:4 ante Claret de Las Palmas, el empate 4:4 ante San Jos\u00e9 de Valladolid, la derrota 0:3 ante Claret de Sevilla, y las victorias 2:0 ante CEU San Pablo de Sevilla y 4:3 ante Maristas Col\u00f3n de Huelva. En semifinales cay\u00f3 derrotado 1:5 ante Claret de Las Palmas y venci\u00f3 en la lucha por el bronce 1:0 ante San Jos\u00e9 de Valladolid.<\/span><\/p>\n<p style=\"text-align: justify;\"><span style=\"font-family: arial, helvetica, sans-serif; font-size: 14pt;\">Por su parte, Claret acab\u00f3 en primera posici\u00f3n su fase regular, tras la victoria 5:2 ante San Jos\u00e9 De Valladolid, 6:0 ante CEU San Pablo de Sevilla, 3:0 ante Portaceli de Sevilla y 7:2 ante Maristas Col\u00f3n de Huelva, y el empate 2:2 ante Claret de Las Palmas. En semifinales super\u00f3 4:1 a San Jos\u00e9 de Valladolid y en la final fue superado 1:4 por Claret de Las Palmas.<br \/>\n<\/span><\/p>\n<p style=\"text-align: justify;\"><span style=\"font-family: arial, helvetica, sans-serif; font-size: 14pt;\">En f\u00fatbol sala, la representaci\u00f3n sevillana estuvo abanderada por Maristas San Fernando y Vedruna.<\/span><\/p>\n<p style=\"text-align: justify;\"><span style=\"font-family: arial, helvetica, sans-serif; font-size: 14pt;\">El equipo trianero finaliz\u00f3 en segunda posici\u00f3n su fase regular, tras la victoria 3:1 ante Claret Don Benito de Badajoz y la derrota 3:6 ante Sagrado Coraz\u00f3n Rosales de Madrid. En cuartos de final cay\u00f3 derrotado 1:5 ante La Salle San Ildefonso de Tenerife. Posteriormente, en las semifinales por el quinto puesto venci\u00f3 1:0 ante Jes\u00fas Maestro de Madrid y a continuaci\u00f3n cay\u00f3 derrotado 2:5 ante Sagrado Coraz\u00f3n Rosales de Madrid.<\/span><\/p>\n<p style=\"text-align: justify;\"><span style=\"font-family: arial, helvetica, sans-serif; font-size: 14pt;\">El equipo nervionense finaliz\u00f3 en primera posici\u00f3n su fase regular, logrando las victorias 5:4 ante FV La Presentaci\u00f3n de M\u00e1laga y 3:2 ante Santa Rosa de Lima FESD de Tenerife. En cuartos de final super\u00f3 5:1 a Jes\u00fas Mar\u00eda de Madrid y en semifinales 4:2 a La Salle San Ildefonso de Tenerife. En la final cay\u00f3 derrotado 2:5 ante FV La Presentaci\u00f3n de M\u00e1laga.<br \/>\n<\/span><\/p>\n<p style=\"text-align: justify;\"><span style=\"font-family: arial, helvetica, sans-serif; font-size: 14pt;\">Y por \u00faltimo, en voleibol, la representaci\u00f3n sevillana estuvo abanderada por Entreolivos, CEU San Pablo y Claret.<\/span><\/p>\n<p style=\"text-align: justify;\"><span style=\"font-family: arial, helvetica, sans-serif; font-size: 14pt;\"><a href=\"http:\/\/ecsevilla.org\/deportes\/wp-content\/uploads\/2023\/06\/53005737434_66dcb17811_o-scaled.jpg\"><img loading=\"lazy\" decoding=\"async\" class=\"wp-image-3379 alignleft\" src=\"http:\/\/ecsevilla.org\/deportes\/wp-content\/uploads\/2023\/06\/53005737434_66dcb17811_o-scaled.jpg\" alt=\"\" width=\"337\" height=\"242\" srcset=\"http:\/\/ecsevilla.org\/deportes\/wp-content\/uploads\/2023\/06\/53005737434_66dcb17811_o-scaled.jpg 2560w, http:\/\/ecsevilla.org\/deportes\/wp-content\/uploads\/2023\/06\/53005737434_66dcb17811_o-300x216.jpg 300w, http:\/\/ecsevilla.org\/deportes\/wp-content\/uploads\/2023\/06\/53005737434_66dcb17811_o-1024x736.jpg 1024w, http:\/\/ecsevilla.org\/deportes\/wp-content\/uploads\/2023\/06\/53005737434_66dcb17811_o-768x552.jpg 768w, http:\/\/ecsevilla.org\/deportes\/wp-content\/uploads\/2023\/06\/53005737434_66dcb17811_o-1536x1103.jpg 1536w, http:\/\/ecsevilla.org\/deportes\/wp-content\/uploads\/2023\/06\/53005737434_66dcb17811_o-2048x1471.jpg 2048w\" sizes=\"auto, (max-width: 337px) 100vw, 337px\" \/><\/a>Entreolivos finaliz\u00f3 en tercera posici\u00f3n su fase regular, tras las derrotas 0:3 ante Apostolado de Valladolid y 0:3 ante Santa Ana y San Rafael de Madrid. En la semifinales por el noveno puesto cay\u00f3 derrotado 0:3 ante BVM Irlandesas de Madrid en la lucha por el und\u00e9cimo puesto fue superado 1:2 por La Asunci\u00f3n de M\u00e1laga.<\/span><\/p>\n<p style=\"text-align: justify;\"><span style=\"font-family: arial, helvetica, sans-serif; font-size: 14pt;\">CEU San Pablo termin\u00f3 segundo clasificado en la fase regular, tras la victoria 3:0 ante BVM Irlandesas de Madrid y la derrota 1:2 ante Claret A de Las Palmas. En cuartos de final super\u00f3 3:0 a Apostolado de Valladolid y en semifinales cay\u00f3 derrotado 0:3 ante Claret de Sevilla. En el tercer y cuarto puesto, fue superado 1:3 por San Jos\u00e9 de Valladolid.<\/span><\/p>\n<p style=\"text-align: justify;\"><span style=\"font-family: arial, helvetica, sans-serif; font-size: 14pt;\">El equipo heliopolitano finaliz\u00f3 en primera posici\u00f3n la fase regular, tras las victorias 3:0 ante Claret de Madrid y 2:1 ante Claret B de Las Palmas. En cuartos de final super\u00f3 3:0 a Sagrado Coraz\u00f3n Chamart\u00edn de Mart\u00edn y en semifinales venci\u00f3 3:0 ante CEU San Pablo de Sevilla. En la final, fue superado por un ajustado 2:3 por Claret A de Las Palmas.<br \/>\n<\/span><\/p>\n","protected":false},"excerpt":{"rendered":"<p>&nbsp; Del 24 al 29 de junio se ha celebrado en la localidad malague\u00f1a de Torremolinos la vigesimos\u00e9ptima edici\u00f3n de los Juegos Nacionales Escolares EMDE 2023. En baloncesto femenino hemos&hellip; <\/p>\n","protected":false},"author":214,"featured_media":3378,"comment_status":"closed","ping_status":"open","sticky":false,"template":"","format":"standard","meta":{"footnotes":""},"categories":[37,10],"tags":[34],"class_list":["post-3376","post","type-post","status-publish","format-standard","has-post-thumbnail","hentry","category-juegos-emde","category-noticias","tag-juegos-emde"],"_links":{"self":[{"href":"http:\/\/ecsevilla.org\/deportes\/wp-json\/wp\/v2\/posts\/3376","targetHints":{"allow":["GET"]}}],"collection":[{"href":"http:\/\/ecsevilla.org\/deportes\/wp-json\/wp\/v2\/posts"}],"about":[{"href":"http:\/\/ecsevilla.org\/deportes\/wp-json\/wp\/v2\/types\/post"}],"author":[{"embeddable":true,"href":"http:\/\/ecsevilla.org\/deportes\/wp-json\/wp\/v2\/users\/214"}],"replies":[{"embeddable":true,"href":"http:\/\/ecsevilla.org\/deportes\/wp-json\/wp\/v2\/comments?post=3376"}],"version-history":[{"count":6,"href":"http:\/\/ecsevilla.org\/deportes\/wp-json\/wp\/v2\/posts\/3376\/revisions"}],"predecessor-version":[{"id":3522,"href":"http:\/\/ecsevilla.org\/deportes\/wp-json\/wp\/v2\/posts\/3376\/revisions\/3522"}],"wp:featuredmedia":[{"embeddable":true,"href":"http:\/\/ecsevilla.org\/deportes\/wp-json\/wp\/v2\/media\/3378"}],"wp:attachment":[{"href":"http:\/\/ecsevilla.org\/deportes\/wp-json\/wp\/v2\/media?parent=3376"}],"wp:term":[{"taxonomy":"category","embeddable":true,"href":"http:\/\/ecsevilla.org\/deportes\/wp-json\/wp\/v2\/categories?post=3376"},{"taxonomy":"post_tag","embeddable":true,"href":"http:\/\/ecsevilla.org\/deportes\/wp-json\/wp\/v2\/tags?post=3376"}],"curies":[{"name":"wp","href":"https:\/\/api.w.org\/{rel}","templated":true}]}}