{"id":3363,"date":"2023-06-26T11:34:18","date_gmt":"2023-06-26T09:34:18","guid":{"rendered":"http:\/\/ecsevilla.org\/deportes\/?p=3363"},"modified":"2023-06-26T11:34:59","modified_gmt":"2023-06-26T09:34:59","slug":"sobresaliente-exito-en-competicion-y-valores-de-la-representacion-infantil-sevillana-en-los-juegos-nacionales-escolares-2023","status":"publish","type":"post","link":"http:\/\/ecsevilla.org\/deportes\/sobresaliente-exito-en-competicion-y-valores-de-la-representacion-infantil-sevillana-en-los-juegos-nacionales-escolares-2023\/","title":{"rendered":"Sobresaliente \u00e9xito en competici\u00f3n y valores de la representaci\u00f3n infantil sevillana en los Juegos Nacionales Escolares 2023"},"content":{"rendered":"<p><a href=\"http:\/\/ecsevilla.org\/deportes\/wp-content\/uploads\/2023\/06\/52992005903_d3060d14e6_o-scaled.jpg\"><img loading=\"lazy\" decoding=\"async\" class=\"alignright size-full wp-image-3371\" src=\"http:\/\/ecsevilla.org\/deportes\/wp-content\/uploads\/2023\/06\/52992005903_d3060d14e6_o-scaled.jpg\" alt=\"\" width=\"2560\" height=\"1772\" srcset=\"http:\/\/ecsevilla.org\/deportes\/wp-content\/uploads\/2023\/06\/52992005903_d3060d14e6_o-scaled.jpg 2560w, http:\/\/ecsevilla.org\/deportes\/wp-content\/uploads\/2023\/06\/52992005903_d3060d14e6_o-300x208.jpg 300w, http:\/\/ecsevilla.org\/deportes\/wp-content\/uploads\/2023\/06\/52992005903_d3060d14e6_o-1024x709.jpg 1024w, http:\/\/ecsevilla.org\/deportes\/wp-content\/uploads\/2023\/06\/52992005903_d3060d14e6_o-768x531.jpg 768w, http:\/\/ecsevilla.org\/deportes\/wp-content\/uploads\/2023\/06\/52992005903_d3060d14e6_o-1536x1063.jpg 1536w, http:\/\/ecsevilla.org\/deportes\/wp-content\/uploads\/2023\/06\/52992005903_d3060d14e6_o-2048x1417.jpg 2048w\" sizes=\"auto, (max-width: 2560px) 100vw, 2560px\" \/><\/a><\/p>\n<p>&nbsp;<\/p>\n<p>&nbsp;<\/p>\n<p style=\"text-align: justify;\"><span style=\"font-family: arial, helvetica, sans-serif; font-size: 14pt;\">El pasado s\u00e1bado 24 de junio se dio por finalizada la competici\u00f3n infantil en los Juegos Nacionales Escolares, con una nutrida representaci\u00f3n sevillana que regres\u00f3 de la ciudad de Torremolinos con tres (de cinco) trofeos de campeones y uno (de dos) de juego limpio y valores.<br \/>\n<\/span><\/p>\n<p style=\"text-align: justify;\"><span style=\"font-family: arial, helvetica, sans-serif; font-size: 14pt;\">En baloncesto femenino hemos contado con la participaci\u00f3n de Portaceli y Sagrada Familia de Urgel.<\/span><\/p>\n<p style=\"text-align: justify;\"><span style=\"font-family: arial, helvetica, sans-serif; font-size: 14pt;\">SaFaUr acab\u00f3 en tercera posici\u00f3n su fase regular, tras las derrotas 27:46 frente a BVM Irlandesas de Madrid y 25:49 frente a Santa Rosa De Lima FESD de Tenerife. En la lucha por el noveno puesto, cay\u00f3 derrotado por 23:48 frente a Ntra. Sra. Del Prado de Ciudad Real y venciendo en su \u00faltimo partido 52:9 frente a Sagrada Familia Ober\u00f3n de Madrid.<\/span><\/p>\n<p style=\"text-align: justify;\"><span style=\"font-family: arial, helvetica, sans-serif; font-size: 14pt;\">Portaceli acab\u00f3 en primera posici\u00f3n su fase regular, tras vencer en sus dos partidos frente a Calasancio de Madrid 39:25 en la ida y 37:29 en la vuelta. En cuartos de final cay\u00f3 derrotado 43:48 frente a La Salle San Ildefonso de Tenerife. En la semifinales por el quinto puesto cay\u00f3 derrotado 43:53 frente a Ntra. Sra. Lourdes de Valladolid y venciendo en la lucha por el s\u00e9ptimo puesto 37:19 frente a Calasancio de Madrid.<\/span><\/p>\n<p style=\"text-align: justify;\"><span style=\"font-family: arial, helvetica, sans-serif; font-size: 14pt;\">En baloncesto masculino hemos contado con la participaci\u00f3n de Claret y Sagrada Familia de Urgel.<\/span><\/p>\n<p style=\"text-align: justify;\"><span style=\"font-family: arial, helvetica, sans-serif; font-size: 14pt;\"><a href=\"http:\/\/ecsevilla.org\/deportes\/wp-content\/uploads\/2023\/06\/52991683029_8a6c7dbde7_o-scaled.jpg\"><img loading=\"lazy\" decoding=\"async\" class=\"alignright wp-image-3368\" src=\"http:\/\/ecsevilla.org\/deportes\/wp-content\/uploads\/2023\/06\/52991683029_8a6c7dbde7_o-scaled.jpg\" alt=\"\" width=\"405\" height=\"270\" srcset=\"http:\/\/ecsevilla.org\/deportes\/wp-content\/uploads\/2023\/06\/52991683029_8a6c7dbde7_o-scaled.jpg 2560w, http:\/\/ecsevilla.org\/deportes\/wp-content\/uploads\/2023\/06\/52991683029_8a6c7dbde7_o-300x200.jpg 300w, http:\/\/ecsevilla.org\/deportes\/wp-content\/uploads\/2023\/06\/52991683029_8a6c7dbde7_o-1024x683.jpg 1024w, http:\/\/ecsevilla.org\/deportes\/wp-content\/uploads\/2023\/06\/52991683029_8a6c7dbde7_o-768x512.jpg 768w, http:\/\/ecsevilla.org\/deportes\/wp-content\/uploads\/2023\/06\/52991683029_8a6c7dbde7_o-1536x1024.jpg 1536w, http:\/\/ecsevilla.org\/deportes\/wp-content\/uploads\/2023\/06\/52991683029_8a6c7dbde7_o-2048x1365.jpg 2048w\" sizes=\"auto, (max-width: 405px) 100vw, 405px\" \/><\/a>El equipo nervionense acab\u00f3 en tercera posici\u00f3n su fase regular, tras las derrotas 41:46 frente a El Prado de Madrid y 28:57 frente a FV La Presentaci\u00f3n de M\u00e1laga. En la lucha por el noveno puesto, cay\u00f3 derrotado por 26:49 frente a San Patricio Soto de Madrid y venciendo en el partido por el und\u00e9cimo puesto 50:32 frente a Ntra. Sra. Del Prado de Ciudad Real.<\/span><\/p>\n<p style=\"text-align: justify;\"><span style=\"font-family: arial, helvetica, sans-serif; font-size: 14pt;\">El equipo heliopolitano acab\u00f3 en tercera posici\u00f3n su fase regular, tras las derrotas 50:55 frente a Salesianos San Bartolom\u00e9 de M\u00e1laga y 27:57 frente a Claret de Las Palmas. En la lucha por el noveno puesto, venci\u00f3 58:41 a Ntra. Sra. Del Prado de Ciudad Real y fue derrotado posteriormente por 37:55 frente a San Patricio Soto de Madrid.<\/span><\/p>\n<p style=\"text-align: justify;\"><span style=\"font-family: arial, helvetica, sans-serif; font-size: 14pt;\">En f\u00fatbol 7 la expedici\u00f3n espa\u00f1ola ha asistido con una nutrida participaci\u00f3n contando con cuatro equipos en la ciudad de Torremolinos: Portaceli, CEU San Pablo, Claret y Europa.<\/span><\/p>\n<p style=\"text-align: justify;\"><span style=\"font-family: arial, helvetica, sans-serif; font-size: 14pt;\">Portaceli acab\u00f3 en tercera posici\u00f3n su fase regular, tras las derrotas 4:6 frente a Virgen Del Carmen de C\u00f3rdoba y 2:4 frente a Sagrado Coraz\u00f3n Fuencarral de Madrid. En la lucha por el noveno puesto, venci\u00f3 12:4 a Claret B de Las Palmas y posteriormente por 6:2 frente a Asunci\u00f3n Costablanca de Madrid.<\/span><\/p>\n<p style=\"text-align: justify;\"><span style=\"font-family: arial, helvetica, sans-serif; font-size: 14pt;\">CEU San Pablo acab\u00f3 en primera posici\u00f3n su fase regular, tras las victorias 8:1 frente a Asunci\u00f3n Costablanca de Madrid y 2:1 frente a Claret A de Las Palmas. En los cuartos de final fue derrotado 1:3 por Sagrado Coraz\u00f3n Tafira de Las Palmas. En las semifinales por el quinto puesto, cay\u00f3 derrotado 7:9 frente a Sagrado Coraz\u00f3n Fuencarral de Madrid y cayendo en la lucha por el s\u00e9ptimo puesto 2:4 frente a Maristas Col\u00f3n de Huelva.<\/span><\/p>\n<p style=\"text-align: justify;\"><span style=\"font-family: arial, helvetica, sans-serif; font-size: 14pt;\">Claret acab\u00f3 en primera posici\u00f3n su fase regular, tras las victorias 8:4 frente a Maristas Col\u00f3n de Huelva y 7:3 frente a Claret B de Las Palmas. En los cuartos de final venci\u00f3 7:2 a Sagrado Coraz\u00f3n Fuencarral, cayendo en semifinales 0:2 frente a Sagrado Coraz\u00f3n Tafira de Las Palmas. Obtuvo el tercer puesto tras vencer 5:4 a Virgen Del Carmen de C\u00f3rdoba.<\/span><\/p>\n<p style=\"text-align: justify;\"><span style=\"font-family: arial, helvetica, sans-serif; font-size: 14pt;\"><a href=\"http:\/\/ecsevilla.org\/deportes\/wp-content\/uploads\/2023\/06\/52993353871_a91389a16c_o-scaled.jpg\"><img loading=\"lazy\" decoding=\"async\" class=\"wp-image-3369 alignright\" src=\"http:\/\/ecsevilla.org\/deportes\/wp-content\/uploads\/2023\/06\/52993353871_a91389a16c_o-scaled.jpg\" alt=\"\" width=\"440\" height=\"293\" srcset=\"http:\/\/ecsevilla.org\/deportes\/wp-content\/uploads\/2023\/06\/52993353871_a91389a16c_o-scaled.jpg 2560w, http:\/\/ecsevilla.org\/deportes\/wp-content\/uploads\/2023\/06\/52993353871_a91389a16c_o-300x200.jpg 300w, http:\/\/ecsevilla.org\/deportes\/wp-content\/uploads\/2023\/06\/52993353871_a91389a16c_o-1024x683.jpg 1024w, http:\/\/ecsevilla.org\/deportes\/wp-content\/uploads\/2023\/06\/52993353871_a91389a16c_o-768x512.jpg 768w, http:\/\/ecsevilla.org\/deportes\/wp-content\/uploads\/2023\/06\/52993353871_a91389a16c_o-1536x1024.jpg 1536w, http:\/\/ecsevilla.org\/deportes\/wp-content\/uploads\/2023\/06\/52993353871_a91389a16c_o-2048x1365.jpg 2048w\" sizes=\"auto, (max-width: 440px) 100vw, 440px\" \/><\/a>Europa acab\u00f3 en primera posici\u00f3n su fase regular, tras las victorias 10:0 frente a Ntra. Sra. Nieves de Madrid y 3:2 frente a Sagrado Coraz\u00f3n Tafira de Las Palmas. En los cuartos de final venci\u00f3 10:3 a Claret A de Las Palmas, clasific\u00e1ndose para la gran final tras superar en un ajustado encuentro por 8:7 a Virgen Del Carmen de C\u00f3rdoba. En la final super\u00f3 nuevamente y por el mismo resultado 3:2 a Sagrado Coraz\u00f3n Tafira de Las Palmas.<\/span><\/p>\n<p style=\"text-align: justify;\"><span style=\"font-family: arial, helvetica, sans-serif; font-size: 14pt;\">En f\u00fatbol sala hemos contado con la participaci\u00f3n de Alberto Durero, Maristas San Fernando y San Agust\u00edn.<\/span><\/p>\n<p style=\"text-align: justify;\"><span style=\"font-family: arial, helvetica, sans-serif; font-size: 14pt;\">El colegio alem\u00e1n acab\u00f3 en tercera posici\u00f3n su fase regular, tras las derrotas 0:8 frente a Divina Pastora de Le\u00f3n y 2:5 Claret B de Madrid. En la lucha por el noveno puesto, cay\u00f3 derrotado 0:7 frente a Obispo Perell\u00f3 de Madrid y 1:7 frente a Claret Don Benito de Badajoz.<\/span><\/p>\n<p style=\"text-align: justify;\"><span style=\"font-family: arial, helvetica, sans-serif; font-size: 14pt;\">El colegio Maristas San Fernando finaliz\u00f3 en segunda posici\u00f3n su fase regular, tras la derrota 1:2 frente a British School de M\u00e1laga y la victoria 3:2 frente a Obispo Perell\u00f3 de Madrid. En cuartos de final venci\u00f3 5:2 a Divina Pastora de Le\u00f3n y cayendo en semifinales 1:3 frente a Jes\u00fas Maestro de Madrid. En la lucha por el tercer puesto cay\u00f3 derrotado 0:2 frente a British School de M\u00e1laga.<\/span><\/p>\n<p style=\"text-align: justify;\"><span style=\"font-family: arial, helvetica, sans-serif; font-size: 14pt;\">El colegio San Agust\u00edn finaliz\u00f3 en primera posici\u00f3n su fase regular, con victorias 5:3 frente a Jes\u00fas Maestro de Madrid y 5:2 frente a Claret Don Benito de Badajoz. En cuartos de final venci\u00f3 9:0 a La Asunci\u00f3n de M\u00e1laga y posteriormente 6:1 a British School de M\u00e1laga. En la gran final, logr\u00f3 la victoria tras superar 3:1 a Jes\u00fas Maestro de Madrid.<\/span><\/p>\n<p style=\"text-align: justify;\"><span style=\"font-family: arial, helvetica, sans-serif; font-size: 14pt;\">En voleibol, la expedici\u00f3n espa\u00f1ola ha asistido con una nutrida participaci\u00f3n contando con cuatro equipos en esta categor\u00eda y modalidad deportiva: Alberto Durero, Los Rosales, CEU San Pablo y Claret.<\/span><\/p>\n<p style=\"text-align: justify;\"><span style=\"font-family: arial, helvetica, sans-serif; font-size: 14pt;\">Alberto Durero acab\u00f3 en tercera posici\u00f3n su fase regular, tras las derrotas 0:3 frente a Santa Ana y San Rafael de Madrid y 0:3 frente a Claret A de Las Palmas. En la lucha por el noveno puesto, cay\u00f3 derrotado 0:3 frente a Ntra. Sra. De Las Nieves de Madrid y en la lucha por el und\u00e9cimo puesto siendo derrotado 0:3 por Obispo Perell\u00f3 de Madrid.<\/span><\/p>\n<p style=\"text-align: justify;\"><span style=\"font-family: arial, helvetica, sans-serif; font-size: 14pt;\">El colegio Los Rosales finaliz\u00f3 en segunda posici\u00f3n su fase regular, tras la victoria 2:1 frente a o 0:3 frente a Ntra. Sra. De Las Nieves de Madrid y la derrota 0:3 frente a San Patricio Soto de Madrid. En cuartos de final perdi\u00f3 0:3 frente a Claret A de Las Palmas. En la lucha por el quinto puesto cay\u00f3 derrotado 0:3 por Claret B de Las Palmas y posteriormente, en la b\u00fasqueda de la s\u00e9ptima plaza, perdi\u00f3 1:2 frente a ar, tras las derrotas 0:3 frente a Santa Ana y San Rafael de Madrid.<\/span><\/p>\n<p style=\"text-align: justify;\"><span style=\"font-family: arial, helvetica, sans-serif; font-size: 14pt;\"><a href=\"http:\/\/ecsevilla.org\/deportes\/wp-content\/uploads\/2023\/06\/52989101749_dc12f2e8b5_o-scaled.jpg\"><img loading=\"lazy\" decoding=\"async\" class=\"wp-image-3370 alignleft\" src=\"http:\/\/ecsevilla.org\/deportes\/wp-content\/uploads\/2023\/06\/52989101749_dc12f2e8b5_o-scaled.jpg\" alt=\"\" width=\"338\" height=\"225\" srcset=\"http:\/\/ecsevilla.org\/deportes\/wp-content\/uploads\/2023\/06\/52989101749_dc12f2e8b5_o-scaled.jpg 2560w, http:\/\/ecsevilla.org\/deportes\/wp-content\/uploads\/2023\/06\/52989101749_dc12f2e8b5_o-300x200.jpg 300w, http:\/\/ecsevilla.org\/deportes\/wp-content\/uploads\/2023\/06\/52989101749_dc12f2e8b5_o-1024x683.jpg 1024w, http:\/\/ecsevilla.org\/deportes\/wp-content\/uploads\/2023\/06\/52989101749_dc12f2e8b5_o-768x512.jpg 768w, http:\/\/ecsevilla.org\/deportes\/wp-content\/uploads\/2023\/06\/52989101749_dc12f2e8b5_o-1536x1024.jpg 1536w, http:\/\/ecsevilla.org\/deportes\/wp-content\/uploads\/2023\/06\/52989101749_dc12f2e8b5_o-2048x1365.jpg 2048w\" sizes=\"auto, (max-width: 338px) 100vw, 338px\" \/><\/a>El colegio CEU San Pablo finaliz\u00f3 en primera posici\u00f3n su fase regular, con victorias 3:0 frente a Obispo Perell\u00f3 de Madrid y 2:1 frente a Claret B de Las Palmas. En cuartos de final venci\u00f3 3:0 a Amor De Dios de Madrid y posteriormente en semifinales 3:0 a San Patricio Soto de Madrid. En la gran final, fue superado 1:3 por Claret A de Sevilla.<\/span><\/p>\n<p style=\"text-align: justify;\"><span style=\"font-family: arial, helvetica, sans-serif; font-size: 14pt;\">El recorrido de Claret A para lograr alzarse como campe\u00f3n del torneo fue el siguiente. Finaliz\u00f3 en primera posici\u00f3n su fase regular, con victorias 2:1 frente a Apostolado de Valladolid y 3:0 frente a Amor De Dios de Madrid. En cuartos de final venci\u00f3 3:0 a Claret B de Las Palmas y posteriormente en semifinales 3:1 a Claret A de Las Palmas. En la gran final, logr\u00f3 la victoria con un resultado de 3:1 frente a CEU San Pablo de Sevilla.<\/span><\/p>\n<p style=\"text-align: justify;\"><span style=\"font-family: arial, helvetica, sans-serif; font-size: 14pt;\">En la ceremonia de entrega de trofeos, Manuel Bertomeu, integrante del equipo de f\u00fatbol sala de Alberto Durero, recibi\u00f3 el Trofeo Fair Play. <\/span><\/p>\n<p><a href=\"http:\/\/ecsevilla.org\/deportes\/wp-content\/uploads\/2023\/06\/52999128462_be68e9433f_o-scaled.jpg\"><img loading=\"lazy\" decoding=\"async\" class=\"alignright size-full wp-image-3367\" src=\"http:\/\/ecsevilla.org\/deportes\/wp-content\/uploads\/2023\/06\/52999128462_be68e9433f_o-scaled.jpg\" alt=\"\" width=\"2560\" height=\"1678\" srcset=\"http:\/\/ecsevilla.org\/deportes\/wp-content\/uploads\/2023\/06\/52999128462_be68e9433f_o-scaled.jpg 2560w, http:\/\/ecsevilla.org\/deportes\/wp-content\/uploads\/2023\/06\/52999128462_be68e9433f_o-300x197.jpg 300w, http:\/\/ecsevilla.org\/deportes\/wp-content\/uploads\/2023\/06\/52999128462_be68e9433f_o-1024x671.jpg 1024w, http:\/\/ecsevilla.org\/deportes\/wp-content\/uploads\/2023\/06\/52999128462_be68e9433f_o-768x503.jpg 768w, http:\/\/ecsevilla.org\/deportes\/wp-content\/uploads\/2023\/06\/52999128462_be68e9433f_o-1536x1007.jpg 1536w, http:\/\/ecsevilla.org\/deportes\/wp-content\/uploads\/2023\/06\/52999128462_be68e9433f_o-2048x1342.jpg 2048w\" sizes=\"auto, (max-width: 2560px) 100vw, 2560px\" \/><\/a><\/p>\n<p>&nbsp;<\/p>\n<p>&nbsp;<\/p>\n<p>&nbsp;<\/p>\n<p>&nbsp;<\/p>\n<p>&nbsp;<\/p>\n<p>&nbsp;<\/p>\n<p>&nbsp;<\/p>\n<p>&nbsp;<\/p>\n<p>&nbsp;<\/p>\n<p>&nbsp;<\/p>\n","protected":false},"excerpt":{"rendered":"<p>&nbsp; &nbsp; El pasado s\u00e1bado 24 de junio se dio por finalizada la competici\u00f3n infantil en los Juegos Nacionales Escolares, con una nutrida representaci\u00f3n sevillana que regres\u00f3 de la ciudad&hellip; <\/p>\n","protected":false},"author":214,"featured_media":3367,"comment_status":"closed","ping_status":"open","sticky":false,"template":"","format":"standard","meta":{"footnotes":""},"categories":[37,10],"tags":[46],"class_list":["post-3363","post","type-post","status-publish","format-standard","has-post-thumbnail","hentry","category-juegos-emde","category-noticias","tag-ano-2023"],"_links":{"self":[{"href":"http:\/\/ecsevilla.org\/deportes\/wp-json\/wp\/v2\/posts\/3363","targetHints":{"allow":["GET"]}}],"collection":[{"href":"http:\/\/ecsevilla.org\/deportes\/wp-json\/wp\/v2\/posts"}],"about":[{"href":"http:\/\/ecsevilla.org\/deportes\/wp-json\/wp\/v2\/types\/post"}],"author":[{"embeddable":true,"href":"http:\/\/ecsevilla.org\/deportes\/wp-json\/wp\/v2\/users\/214"}],"replies":[{"embeddable":true,"href":"http:\/\/ecsevilla.org\/deportes\/wp-json\/wp\/v2\/comments?post=3363"}],"version-history":[{"count":6,"href":"http:\/\/ecsevilla.org\/deportes\/wp-json\/wp\/v2\/posts\/3363\/revisions"}],"predecessor-version":[{"id":3374,"href":"http:\/\/ecsevilla.org\/deportes\/wp-json\/wp\/v2\/posts\/3363\/revisions\/3374"}],"wp:featuredmedia":[{"embeddable":true,"href":"http:\/\/ecsevilla.org\/deportes\/wp-json\/wp\/v2\/media\/3367"}],"wp:attachment":[{"href":"http:\/\/ecsevilla.org\/deportes\/wp-json\/wp\/v2\/media?parent=3363"}],"wp:term":[{"taxonomy":"category","embeddable":true,"href":"http:\/\/ecsevilla.org\/deportes\/wp-json\/wp\/v2\/categories?post=3363"},{"taxonomy":"post_tag","embeddable":true,"href":"http:\/\/ecsevilla.org\/deportes\/wp-json\/wp\/v2\/tags?post=3363"}],"curies":[{"name":"wp","href":"https:\/\/api.w.org\/{rel}","templated":true}]}}