{"id":3330,"date":"2023-05-10T12:58:56","date_gmt":"2023-05-10T10:58:56","guid":{"rendered":"http:\/\/ecsevilla.org\/deportes\/?p=3330"},"modified":"2023-05-22T12:31:42","modified_gmt":"2023-05-22T10:31:42","slug":"la-jornada-de-clausura-de-los-xxxii-juegos-deportivos-escolares-se-celebrara-el-proximo-sabado-3-de-junio-en-el-campus-deportivo-ceu-san-pablo","status":"publish","type":"post","link":"http:\/\/ecsevilla.org\/deportes\/la-jornada-de-clausura-de-los-xxxii-juegos-deportivos-escolares-se-celebrara-el-proximo-sabado-3-de-junio-en-el-campus-deportivo-ceu-san-pablo\/","title":{"rendered":"La Jornada de Clausura de los XXXII Juegos Deportivos Escolares se celebrar\u00e1 el pr\u00f3ximo s\u00e1bado 3 de junio en el Campus Deportivo CEU San Pablo"},"content":{"rendered":"<p style=\"text-align: justify;\"><span style=\"font-family: arial, helvetica, sans-serif; font-size: 14pt;\"><a href=\"http:\/\/ecsevilla.org\/deportes\/wp-content\/uploads\/2023\/05\/vista-aerea-instalaciones-deportivas.png\"><img loading=\"lazy\" decoding=\"async\" class=\"alignright size-full wp-image-3331\" src=\"http:\/\/ecsevilla.org\/deportes\/wp-content\/uploads\/2023\/05\/vista-aerea-instalaciones-deportivas.png\" alt=\"\" width=\"890\" height=\"497\" srcset=\"http:\/\/ecsevilla.org\/deportes\/wp-content\/uploads\/2023\/05\/vista-aerea-instalaciones-deportivas.png 890w, http:\/\/ecsevilla.org\/deportes\/wp-content\/uploads\/2023\/05\/vista-aerea-instalaciones-deportivas-300x168.png 300w, http:\/\/ecsevilla.org\/deportes\/wp-content\/uploads\/2023\/05\/vista-aerea-instalaciones-deportivas-768x429.png 768w\" sizes=\"auto, (max-width: 890px) 100vw, 890px\" \/><\/a><\/span><\/p>\n<p>&nbsp;<\/p>\n<p>&nbsp;<\/p>\n<p>&nbsp;<\/p>\n<p style=\"text-align: justify;\"><span style=\"font-family: arial, helvetica, sans-serif; font-size: 14pt;\">La Jornada de Clausura de los XXXII Juegos Deportivos Escolares se celebrar\u00e1 el pr\u00f3ximo s\u00e1bado 3 de junio en el Campus Deportivo CEU San Pablo. Tambi\u00e9n han sido elegidas las sedes para las clausuras de las tres pr\u00f3ximas ediciones, que ser\u00e1n albergadas en el colegio Claret para 2024, repiti\u00e9ndose de nuevo este binomio para 2025 y 2026, alternando entre CEU San Pablo y Claret en este orden.<\/span><\/p>\n<p style=\"text-align: justify;\"><span style=\"font-family: arial, helvetica, sans-serif; font-size: 14pt;\">As\u00ed lo ha determinado el comit\u00e9 organizador tras recibir las candidaturas y atender la demanda presentada por los colegios.<\/span><\/p>\n<p style=\"text-align: justify;\"><span style=\"font-family: arial, helvetica, sans-serif; font-size: 14pt;\">A continuaci\u00f3n os mostramos la programaci\u00f3n de partidos para dicha jornada, deseando poder disfrutar de una convivencia en favor del deporte escolar.<\/span><\/p>\n<p><a href=\"http:\/\/ecsevilla.org\/deportes\/wp-content\/uploads\/2023\/05\/programa-finales-2023.jpg\"><img loading=\"lazy\" decoding=\"async\" class=\"alignright size-full wp-image-3335\" src=\"http:\/\/ecsevilla.org\/deportes\/wp-content\/uploads\/2023\/05\/programa-finales-2023.jpg\" alt=\"\" width=\"1612\" height=\"991\" srcset=\"http:\/\/ecsevilla.org\/deportes\/wp-content\/uploads\/2023\/05\/programa-finales-2023.jpg 1612w, http:\/\/ecsevilla.org\/deportes\/wp-content\/uploads\/2023\/05\/programa-finales-2023-300x184.jpg 300w, http:\/\/ecsevilla.org\/deportes\/wp-content\/uploads\/2023\/05\/programa-finales-2023-1024x630.jpg 1024w, http:\/\/ecsevilla.org\/deportes\/wp-content\/uploads\/2023\/05\/programa-finales-2023-768x472.jpg 768w, http:\/\/ecsevilla.org\/deportes\/wp-content\/uploads\/2023\/05\/programa-finales-2023-1536x944.jpg 1536w\" sizes=\"auto, (max-width: 1612px) 100vw, 1612px\" \/><\/a><\/p>\n<h3><\/h3>\n<p>&nbsp;<\/p>\n<p>&nbsp;<\/p>\n<p>&nbsp;<\/p>\n","protected":false},"excerpt":{"rendered":"<p>&nbsp; &nbsp; &nbsp; La Jornada de Clausura de los XXXII Juegos Deportivos Escolares se celebrar\u00e1 el pr\u00f3ximo s\u00e1bado 3 de junio en el Campus Deportivo CEU San Pablo. Tambi\u00e9n han&hellip; <\/p>\n","protected":false},"author":214,"featured_media":3331,"comment_status":"closed","ping_status":"open","sticky":false,"template":"","format":"standard","meta":{"footnotes":""},"categories":[10],"tags":[26],"class_list":["post-3330","post","type-post","status-publish","format-standard","has-post-thumbnail","hentry","category-noticias","tag-clausura"],"_links":{"self":[{"href":"http:\/\/ecsevilla.org\/deportes\/wp-json\/wp\/v2\/posts\/3330","targetHints":{"allow":["GET"]}}],"collection":[{"href":"http:\/\/ecsevilla.org\/deportes\/wp-json\/wp\/v2\/posts"}],"about":[{"href":"http:\/\/ecsevilla.org\/deportes\/wp-json\/wp\/v2\/types\/post"}],"author":[{"embeddable":true,"href":"http:\/\/ecsevilla.org\/deportes\/wp-json\/wp\/v2\/users\/214"}],"replies":[{"embeddable":true,"href":"http:\/\/ecsevilla.org\/deportes\/wp-json\/wp\/v2\/comments?post=3330"}],"version-history":[{"count":4,"href":"http:\/\/ecsevilla.org\/deportes\/wp-json\/wp\/v2\/posts\/3330\/revisions"}],"predecessor-version":[{"id":3337,"href":"http:\/\/ecsevilla.org\/deportes\/wp-json\/wp\/v2\/posts\/3330\/revisions\/3337"}],"wp:featuredmedia":[{"embeddable":true,"href":"http:\/\/ecsevilla.org\/deportes\/wp-json\/wp\/v2\/media\/3331"}],"wp:attachment":[{"href":"http:\/\/ecsevilla.org\/deportes\/wp-json\/wp\/v2\/media?parent=3330"}],"wp:term":[{"taxonomy":"category","embeddable":true,"href":"http:\/\/ecsevilla.org\/deportes\/wp-json\/wp\/v2\/categories?post=3330"},{"taxonomy":"post_tag","embeddable":true,"href":"http:\/\/ecsevilla.org\/deportes\/wp-json\/wp\/v2\/tags?post=3330"}],"curies":[{"name":"wp","href":"https:\/\/api.w.org\/{rel}","templated":true}]}}