{"id":3218,"date":"2022-09-06T14:16:09","date_gmt":"2022-09-06T12:16:09","guid":{"rendered":"http:\/\/ecsevilla.org\/deportes\/?p=3218"},"modified":"2022-09-06T14:32:07","modified_gmt":"2022-09-06T12:32:07","slug":"se-inicia-el-camino-de-la-nueva-temporada-2022-2023","status":"publish","type":"post","link":"http:\/\/ecsevilla.org\/deportes\/se-inicia-el-camino-de-la-nueva-temporada-2022-2023\/","title":{"rendered":"Se inicia el camino de la nueva temporada 2022-2023"},"content":{"rendered":"<p style=\"text-align: justify;\"><a href=\"http:\/\/ecsevilla.org\/deportes\/wp-content\/uploads\/2018\/10\/barra-ecs-1.jpg\"><img loading=\"lazy\" decoding=\"async\" class=\"aligncenter size-full wp-image-2093\" src=\"http:\/\/ecsevilla.org\/deportes\/wp-content\/uploads\/2018\/10\/barra-ecs-1.jpg\" alt=\"barra ecs\" width=\"901\" height=\"29\" srcset=\"http:\/\/ecsevilla.org\/deportes\/wp-content\/uploads\/2018\/10\/barra-ecs-1.jpg 901w, http:\/\/ecsevilla.org\/deportes\/wp-content\/uploads\/2018\/10\/barra-ecs-1-300x10.jpg 300w, http:\/\/ecsevilla.org\/deportes\/wp-content\/uploads\/2018\/10\/barra-ecs-1-768x25.jpg 768w\" sizes=\"auto, (max-width: 901px) 100vw, 901px\" \/><\/a><\/p>\n<p>&nbsp;<\/p>\n<p><span style=\"font-family: arial, helvetica, sans-serif; font-size: 14pt;\"><a href=\"http:\/\/ecsevilla.org\/deportes\/wp-content\/uploads\/2022\/09\/indice.jpg\"><img loading=\"lazy\" decoding=\"async\" class=\"size-full wp-image-3227 aligncenter\" src=\"http:\/\/ecsevilla.org\/deportes\/wp-content\/uploads\/2022\/09\/indice.jpg\" alt=\"\" width=\"990\" height=\"557\" srcset=\"http:\/\/ecsevilla.org\/deportes\/wp-content\/uploads\/2022\/09\/indice.jpg 990w, http:\/\/ecsevilla.org\/deportes\/wp-content\/uploads\/2022\/09\/indice-300x169.jpg 300w, http:\/\/ecsevilla.org\/deportes\/wp-content\/uploads\/2022\/09\/indice-768x432.jpg 768w\" sizes=\"auto, (max-width: 990px) 100vw, 990px\" \/><\/a><\/span><\/p>\n<p>&nbsp;<\/p>\n<p style=\"text-align: justify;\"><span style=\"font-family: arial, helvetica, sans-serif; font-size: 14pt;\">Tras la finalizaci\u00f3n de la trig\u00e9simoprimera edici\u00f3n de los Juegos Deportivos Escolares, celebrada en una situaci\u00f3n en la que la esperanza de poder celebrar una temporada normalizada se vio reflejada en una realidad plenamente satisfactoria, el Departamento de Deporte Escolar y Valores se encuentra ya trabajando en la competici\u00f3n que os ofreceremos durante el curso 2022-2023.<br \/>\n<\/span><\/p>\n<p style=\"text-align: justify;\"><span style=\"font-family: arial, helvetica, sans-serif; font-size: 14pt;\"> El \u00e9xito de participaci\u00f3n con el que contamos el a\u00f1o pasado alcanz\u00f3 las expectativas de nuestra instituci\u00f3n, logrando unos n\u00fameros que superaban el 90% de la temporada anterior a la crisis sanitaria, con un desarrollo muy notable frente a una situaci\u00f3n bastante at\u00edpica.<\/span><\/p>\n<p style=\"text-align: justify;\"><span style=\"font-family: arial, helvetica, sans-serif; font-size: 14pt;\">Es por ello que, desde Escuelas Cat\u00f3licas Sevilla abordamos la pr\u00f3xima temporada como un a\u00f1o extraordinariamente ilusionante, con todas nuestras miras fijadas en asentar la recuperaci\u00f3n de reactivaci\u00f3n del deporte escolar en nuestros centros educativos y su participaci\u00f3n en una competici\u00f3n que fundamenta sus objetivos en la\u00a0 transmisi\u00f3n de valores positivos para la formaci\u00f3n integral del deportista.<br \/>\n<\/span><\/p>\n<p style=\"text-align: justify;\"><span style=\"font-family: arial, helvetica, sans-serif; font-size: 14pt;\">El pasado mes de julio se convocaron los cursos de formaci\u00f3n arbitral de cada uno de los deportes ofertados, colectivo indispensable para la disputa de cualquier competici\u00f3n, y que cobra a\u00fan mayor relevancia en un proyecto que vincula inseparablemente deporte y valores, como hace referencia el nombre de nuestro departamento. Las previsiones iniciales de una temporada con una participaci\u00f3n incluso m\u00e1s elevada que la celebrada el curso pasado nos exige alcanzar un n\u00famero de efectivos arbitrales que posibilite la cobertura del alto n\u00famero de partidos que se disputan, sobretodo los viernes por la tarde y los s\u00e1bados por la ma\u00f1ana. Comprometidos con ese objetivo, nos gustar\u00eda contar con la colaboraci\u00f3n de los coordinadores deportivos de cada uno de los centros escolares, animando a hacer llegar la informaci\u00f3n de los cursos de formaci\u00f3n arbitral a aquellos jugadores juveniles y seniors que pudieran estar interesados. Toda la informaci\u00f3n de los cursos de formaci\u00f3n puede encontrarse en el siguiente enlace:<br \/>\n<\/span><\/p>\n<blockquote class=\"wp-embedded-content\" data-secret=\"RswBdxnKGv\"><p><a href=\"http:\/\/ecsevilla.org\/deportes\/quedan-convocados-los-cursos-de-formacion-arbitral-de-la-temporada-2022-2023\/\">Quedan convocados los cursos de formaci\u00f3n arbitral de la temporada 2022-2023<\/a><\/p><\/blockquote>\n<p><iframe loading=\"lazy\" class=\"wp-embedded-content\" sandbox=\"allow-scripts\" security=\"restricted\" style=\"position: absolute; clip: rect(1px, 1px, 1px, 1px);\" title=\"\u00abQuedan convocados los cursos de formaci\u00f3n arbitral de la temporada 2022-2023\u00bb \u2014 Deportes\" src=\"http:\/\/ecsevilla.org\/deportes\/quedan-convocados-los-cursos-de-formacion-arbitral-de-la-temporada-2022-2023\/embed\/#?secret=Nc3rXPZosE#?secret=RswBdxnKGv\" data-secret=\"RswBdxnKGv\" width=\"600\" height=\"338\" frameborder=\"0\" marginwidth=\"0\" marginheight=\"0\" scrolling=\"no\"><\/iframe><\/p>\n<p>&nbsp;<\/p>\n<p style=\"text-align: justify;\"><span style=\"font-family: arial, helvetica, sans-serif; font-size: 14pt;\">Como viene siendo habitual, remitiremos a los centros escolares a mediados de septiembre la convocatoria los Juegos ECS 2022-2023, en la que adjuntaremos las Normativa General de Competici\u00f3n y los tutoriales para que la inscripci\u00f3n de colegios, equipos, jugadores y entrenadores sea lo m\u00e1s sencilla posible. A la espera de que lleguen esas fechas, os podemos adelantar que el periodo de inscripci\u00f3n de equipos comprender\u00e1 desde el lunes 26 de septiembre al lunes 17 de octubre, teniendo prevista la disputa de la primera jornada de competici\u00f3n <\/span><span style=\"font-family: arial, helvetica, sans-serif; font-size: 14pt;\">del mi\u00e9rcoles 2 al s\u00e1bado 5 de noviembre.<\/span><\/p>\n<p style=\"text-align: justify;\"><span style=\"font-family: arial, helvetica, sans-serif; font-size: 14pt;\">Deseando poder contar con vosotros en esta nueva edici\u00f3n de los Juegos Deportivos Escolares, os trasladamos todo nuestro afecto e ilusi\u00f3n por volver a veros.<\/span><\/p>\n<p>&nbsp;<\/p>\n<p><a href=\"http:\/\/ecsevilla.org\/deportes\/wp-content\/uploads\/2018\/10\/barra-ecs-1.jpg\"><img loading=\"lazy\" decoding=\"async\" class=\"aligncenter size-full wp-image-2093\" src=\"http:\/\/ecsevilla.org\/deportes\/wp-content\/uploads\/2018\/10\/barra-ecs-1.jpg\" alt=\"barra ecs\" width=\"901\" height=\"29\" srcset=\"http:\/\/ecsevilla.org\/deportes\/wp-content\/uploads\/2018\/10\/barra-ecs-1.jpg 901w, http:\/\/ecsevilla.org\/deportes\/wp-content\/uploads\/2018\/10\/barra-ecs-1-300x10.jpg 300w, http:\/\/ecsevilla.org\/deportes\/wp-content\/uploads\/2018\/10\/barra-ecs-1-768x25.jpg 768w\" sizes=\"auto, (max-width: 901px) 100vw, 901px\" \/><\/a><\/p>\n","protected":false},"excerpt":{"rendered":"<p>&nbsp; &nbsp; Tras la finalizaci\u00f3n de la trig\u00e9simoprimera edici\u00f3n de los Juegos Deportivos Escolares, celebrada en una situaci\u00f3n en la que la esperanza de poder celebrar una temporada normalizada se&hellip; <\/p>\n","protected":false},"author":214,"featured_media":3227,"comment_status":"closed","ping_status":"open","sticky":false,"template":"","format":"standard","meta":{"footnotes":""},"categories":[10],"tags":[],"class_list":["post-3218","post","type-post","status-publish","format-standard","has-post-thumbnail","hentry","category-noticias"],"_links":{"self":[{"href":"http:\/\/ecsevilla.org\/deportes\/wp-json\/wp\/v2\/posts\/3218","targetHints":{"allow":["GET"]}}],"collection":[{"href":"http:\/\/ecsevilla.org\/deportes\/wp-json\/wp\/v2\/posts"}],"about":[{"href":"http:\/\/ecsevilla.org\/deportes\/wp-json\/wp\/v2\/types\/post"}],"author":[{"embeddable":true,"href":"http:\/\/ecsevilla.org\/deportes\/wp-json\/wp\/v2\/users\/214"}],"replies":[{"embeddable":true,"href":"http:\/\/ecsevilla.org\/deportes\/wp-json\/wp\/v2\/comments?post=3218"}],"version-history":[{"count":8,"href":"http:\/\/ecsevilla.org\/deportes\/wp-json\/wp\/v2\/posts\/3218\/revisions"}],"predecessor-version":[{"id":3228,"href":"http:\/\/ecsevilla.org\/deportes\/wp-json\/wp\/v2\/posts\/3218\/revisions\/3228"}],"wp:featuredmedia":[{"embeddable":true,"href":"http:\/\/ecsevilla.org\/deportes\/wp-json\/wp\/v2\/media\/3227"}],"wp:attachment":[{"href":"http:\/\/ecsevilla.org\/deportes\/wp-json\/wp\/v2\/media?parent=3218"}],"wp:term":[{"taxonomy":"category","embeddable":true,"href":"http:\/\/ecsevilla.org\/deportes\/wp-json\/wp\/v2\/categories?post=3218"},{"taxonomy":"post_tag","embeddable":true,"href":"http:\/\/ecsevilla.org\/deportes\/wp-json\/wp\/v2\/tags?post=3218"}],"curies":[{"name":"wp","href":"https:\/\/api.w.org\/{rel}","templated":true}]}}