{"id":2992,"date":"2022-06-30T09:11:53","date_gmt":"2022-06-30T07:11:53","guid":{"rendered":"http:\/\/ecsevilla.org\/deportes\/?p=2992"},"modified":"2022-07-25T12:49:52","modified_gmt":"2022-07-25T10:49:52","slug":"notable-exito-de-la-representacion-sevillana-participante-en-los-juegos-nacionales-escolares-emde-2022","status":"publish","type":"post","link":"http:\/\/ecsevilla.org\/deportes\/notable-exito-de-la-representacion-sevillana-participante-en-los-juegos-nacionales-escolares-emde-2022\/","title":{"rendered":"Notable \u00e9xito de la representaci\u00f3n sevillana participante en los Juegos Nacionales Escolares EMDE 2022"},"content":{"rendered":"<p style=\"text-align: justify;\"><span style=\"font-family: arial, helvetica, sans-serif; font-size: 14pt;\">Los Juegos Nacionales Escolares EMDE 2022 cerraron el pasado mi\u00e9rcoles 29 de junio una de las ediciones m\u00e1s numerosas y exitosas de su historia, con una participaci\u00f3n que superaba los 2700 deportistas, repartidos en las tres tradicionales categor\u00edas: alevines, infantiles y cadetes.<\/span><\/p>\n<p style=\"text-align: justify;\"><span style=\"font-family: arial, helvetica, sans-serif; font-size: 14pt;\">La representaci\u00f3n sevillana, tambi\u00e9n numerosa, disfrut\u00f3 al m\u00e1ximo de unos d\u00edas en la ciudad malague\u00f1a de Torremolinos en los que el deporte ejerce, no solo como mejora de los h\u00e1bitos de vida saludables, sino adem\u00e1s como herramienta para la transmisi\u00f3n de valores positivos a los alumnos de nuestros colegios. Todos los participantes estuvieron alojados en el Hotel Natali Affiliated by Fergus.<br \/>\n<\/span><\/p>\n<p style=\"text-align: justify;\"><span style=\"font-family: arial, helvetica, sans-serif; font-size: 14pt;\">Adem\u00e1s de las posiciones clasificatorias, el Departamento de Deporte Escolar y Valores de Escuelas Cat\u00f3licas Sevilla se enorgullece de que dos de los tres trofeos Valores Humanos entregados en esta edici\u00f3n 2022 (uno por categor\u00eda), que se conceden a los equipos que mejor representan esta transmisi\u00f3n de aspectos positivos en la formaci\u00f3n integral del alumno y deportista, y que permanecer\u00e1n en su esencia como persona el resto de su vida, fueron a parar a dos de nuestros colegios participantes: el equipo de baloncesto alev\u00edn femenino de Portaceli y la expedici\u00f3n conjunta de baloncesto y voleibol cadete femenino de Entreolivos. Este galard\u00f3n conlleva, no solo el trofeo entregado de mayores dimensiones, sino adem\u00e1s un cheque de 1.300\u20ac en material deportivo que otorga la marca deportiva McYadra.<br \/>\n<\/span><\/p>\n<p><a href=\"http:\/\/ecsevilla.org\/deportes\/wp-content\/uploads\/2022\/06\/52158543394_6b811c8a64_o-scaled.jpg\"><img loading=\"lazy\" decoding=\"async\" class=\"aligncenter wp-image-2995 size-full\" src=\"http:\/\/ecsevilla.org\/deportes\/wp-content\/uploads\/2022\/06\/52158543394_6b811c8a64_o-scaled.jpg\" alt=\"\" width=\"2560\" height=\"1705\" srcset=\"http:\/\/ecsevilla.org\/deportes\/wp-content\/uploads\/2022\/06\/52158543394_6b811c8a64_o-scaled.jpg 2560w, http:\/\/ecsevilla.org\/deportes\/wp-content\/uploads\/2022\/06\/52158543394_6b811c8a64_o-300x200.jpg 300w, http:\/\/ecsevilla.org\/deportes\/wp-content\/uploads\/2022\/06\/52158543394_6b811c8a64_o-1024x682.jpg 1024w, http:\/\/ecsevilla.org\/deportes\/wp-content\/uploads\/2022\/06\/52158543394_6b811c8a64_o-768x512.jpg 768w, http:\/\/ecsevilla.org\/deportes\/wp-content\/uploads\/2022\/06\/52158543394_6b811c8a64_o-1536x1023.jpg 1536w, http:\/\/ecsevilla.org\/deportes\/wp-content\/uploads\/2022\/06\/52158543394_6b811c8a64_o-2048x1364.jpg 2048w\" sizes=\"auto, (max-width: 2560px) 100vw, 2560px\" \/><\/a><\/p>\n<p><a href=\"http:\/\/ecsevilla.org\/deportes\/wp-content\/uploads\/2022\/06\/IMG_6837-scaled.jpg\"><img loading=\"lazy\" decoding=\"async\" class=\"aligncenter wp-image-3066 size-large\" src=\"http:\/\/ecsevilla.org\/deportes\/wp-content\/uploads\/2022\/06\/IMG_6837-1024x683.jpg\" alt=\"\" width=\"1024\" height=\"683\" srcset=\"http:\/\/ecsevilla.org\/deportes\/wp-content\/uploads\/2022\/06\/IMG_6837-1024x683.jpg 1024w, http:\/\/ecsevilla.org\/deportes\/wp-content\/uploads\/2022\/06\/IMG_6837-300x200.jpg 300w, http:\/\/ecsevilla.org\/deportes\/wp-content\/uploads\/2022\/06\/IMG_6837-768x512.jpg 768w, http:\/\/ecsevilla.org\/deportes\/wp-content\/uploads\/2022\/06\/IMG_6837-1536x1024.jpg 1536w, http:\/\/ecsevilla.org\/deportes\/wp-content\/uploads\/2022\/06\/IMG_6837-2048x1365.jpg 2048w\" sizes=\"auto, (max-width: 1024px) 100vw, 1024px\" \/><\/a><\/p>\n<p style=\"text-align: justify;\"><span style=\"font-family: arial, helvetica, sans-serif; font-size: 14pt;\">A nivel deportivo, cabe destacar el primer puesto conseguido por el equipo infantil de f\u00fatbol sala de San Agust\u00edn y el primer puesto conseguido por el equipo cadete de f\u00fatbol de Claret.<br \/>\n<\/span><\/p>\n<p><a href=\"http:\/\/ecsevilla.org\/deportes\/wp-content\/uploads\/2022\/06\/52160097708_f4401ca1e6_o-scaled.jpg\"><img loading=\"lazy\" decoding=\"async\" class=\"aligncenter wp-image-2997 size-large\" src=\"http:\/\/ecsevilla.org\/deportes\/wp-content\/uploads\/2022\/06\/52160097708_f4401ca1e6_o-1024x682.jpg\" alt=\"\" width=\"1024\" height=\"682\" srcset=\"http:\/\/ecsevilla.org\/deportes\/wp-content\/uploads\/2022\/06\/52160097708_f4401ca1e6_o-1024x682.jpg 1024w, http:\/\/ecsevilla.org\/deportes\/wp-content\/uploads\/2022\/06\/52160097708_f4401ca1e6_o-300x200.jpg 300w, http:\/\/ecsevilla.org\/deportes\/wp-content\/uploads\/2022\/06\/52160097708_f4401ca1e6_o-768x512.jpg 768w, http:\/\/ecsevilla.org\/deportes\/wp-content\/uploads\/2022\/06\/52160097708_f4401ca1e6_o-1536x1023.jpg 1536w, http:\/\/ecsevilla.org\/deportes\/wp-content\/uploads\/2022\/06\/52160097708_f4401ca1e6_o-2048x1365.jpg 2048w\" sizes=\"auto, (max-width: 1024px) 100vw, 1024px\" \/><\/a><\/p>\n<p><a href=\"http:\/\/ecsevilla.org\/deportes\/wp-content\/uploads\/2022\/06\/52174450234_e12df3a82b_o-scaled.jpg\"><img loading=\"lazy\" decoding=\"async\" class=\"aligncenter wp-image-2996 size-large\" src=\"http:\/\/ecsevilla.org\/deportes\/wp-content\/uploads\/2022\/06\/52174450234_e12df3a82b_o-1024x683.jpg\" alt=\"\" width=\"1024\" height=\"683\" srcset=\"http:\/\/ecsevilla.org\/deportes\/wp-content\/uploads\/2022\/06\/52174450234_e12df3a82b_o-1024x683.jpg 1024w, http:\/\/ecsevilla.org\/deportes\/wp-content\/uploads\/2022\/06\/52174450234_e12df3a82b_o-300x200.jpg 300w, http:\/\/ecsevilla.org\/deportes\/wp-content\/uploads\/2022\/06\/52174450234_e12df3a82b_o-768x512.jpg 768w, http:\/\/ecsevilla.org\/deportes\/wp-content\/uploads\/2022\/06\/52174450234_e12df3a82b_o-1536x1024.jpg 1536w, http:\/\/ecsevilla.org\/deportes\/wp-content\/uploads\/2022\/06\/52174450234_e12df3a82b_o-2048x1365.jpg 2048w\" sizes=\"auto, (max-width: 1024px) 100vw, 1024px\" \/><\/a><\/p>\n<p style=\"text-align: justify;\"><span style=\"font-family: arial, helvetica, sans-serif; font-size: 14pt;\">A continuaci\u00f3n, se muestra el listado de los equipos participantes por categor\u00eda y deporte y su posici\u00f3n clasificatoria en este campeonato:<\/span><\/p>\n<p style=\"text-align: justify;\"><strong><span style=\"font-family: arial, helvetica, sans-serif; font-size: 14pt;\">XIX Juegos Nacionales Escolares Alevines<\/span><\/strong><\/p>\n<ul style=\"text-align: justify;\">\n<li><span style=\"font-family: arial, helvetica, sans-serif; font-size: 14pt;\">Baloncesto Femenino<\/span>\n<ul>\n<li><span dir=\"ltr\" style=\"font-family: arial, helvetica, sans-serif; font-size: 14pt;\" role=\"presentation\">PORTACELI (11\u00ba)<\/span><\/li>\n<li><span style=\"font-family: arial, helvetica, sans-serif; font-size: 14pt;\"><span dir=\"ltr\" role=\"presentation\">SAGRADA FAMILIA DE URGEL<\/span> (12\u00ba)<\/span><\/li>\n<\/ul>\n<\/li>\n<li><span style=\"font-family: arial, helvetica, sans-serif; font-size: 14pt;\">Baloncesto Masculino<\/span>\n<ul>\n<li><span style=\"font-family: arial, helvetica, sans-serif; font-size: 14pt;\"><span dir=\"ltr\" role=\"presentation\">SAINT MARY<\/span> (9\u00ba)<\/span><\/li>\n<li><span dir=\"ltr\" style=\"font-family: arial, helvetica, sans-serif; font-size: 14pt;\" role=\"presentation\">CLARET (11\u00ba)<\/span><\/li>\n<li><span style=\"font-family: arial, helvetica, sans-serif; font-size: 14pt;\"><span dir=\"ltr\" role=\"presentation\">SAGRADA FAMILIA DE URGEL<\/span> (12\u00ba)<\/span><\/li>\n<\/ul>\n<\/li>\n<li><span style=\"font-family: arial, helvetica, sans-serif; font-size: 14pt;\">F\u00fatbol 7<\/span>\n<ul>\n<li><span style=\"font-family: arial, helvetica, sans-serif; font-size: 14pt;\"><span dir=\"ltr\" role=\"presentation\">BVM BAMI<\/span> (3\u00ba)<\/span><\/li>\n<li><span style=\"font-family: arial, helvetica, sans-serif; font-size: 14pt;\"><span dir=\"ltr\" role=\"presentation\">C. I. EUROPA<\/span> (4\u00ba)<\/span><\/li>\n<li><span style=\"font-family: arial, helvetica, sans-serif; font-size: 14pt;\"><span dir=\"ltr\" role=\"presentation\">CLARET<\/span> (5\u00ba)<\/span><\/li>\n<li><span style=\"font-family: arial, helvetica, sans-serif; font-size: 14pt;\"><span dir=\"ltr\" role=\"presentation\">CEU SAN PABLO<\/span> (6\u00ba)<\/span><\/li>\n<\/ul>\n<\/li>\n<li><span style=\"font-family: arial, helvetica, sans-serif; font-size: 14pt;\">F\u00fatbol Sala<\/span>\n<ul>\n<li><span style=\"font-family: arial, helvetica, sans-serif; font-size: 14pt;\"><span dir=\"ltr\" role=\"presentation\">CLARET <\/span>(4\u00ba)<\/span><\/li>\n<li><span style=\"font-family: arial, helvetica, sans-serif; font-size: 14pt;\"><span dir=\"ltr\" role=\"presentation\">SAINT MARY<\/span> (5\u00ba)<\/span><\/li>\n<li><span style=\"font-family: arial, helvetica, sans-serif; font-size: 14pt;\"><span dir=\"ltr\" role=\"presentation\">ALBERTO DURERO<\/span> (9\u00ba)<\/span><\/li>\n<\/ul>\n<\/li>\n<li><span style=\"font-family: arial, helvetica, sans-serif; font-size: 14pt;\">Voleibol<\/span>\n<ul>\n<li><span style=\"font-family: arial, helvetica, sans-serif; font-size: 14pt;\"><span dir=\"ltr\" role=\"presentation\">CLARET \u00abA\u00bb<\/span>(3\u00ba)<\/span><\/li>\n<li><span style=\"font-family: arial, helvetica, sans-serif; font-size: 14pt;\"><span dir=\"ltr\" role=\"presentation\">SAINT MARY<\/span> (8\u00ba)<\/span><\/li>\n<li><span style=\"font-family: arial, helvetica, sans-serif; font-size: 14pt;\"><span dir=\"ltr\" role=\"presentation\">ENTREOLIVOS<\/span> (9\u00ba)<\/span><\/li>\n<li><span style=\"font-family: arial, helvetica, sans-serif; font-size: 14pt;\"><span dir=\"ltr\" role=\"presentation\">CLARET \u00abB\u00bb<\/span> (11\u00ba)<\/span><\/li>\n<\/ul>\n<\/li>\n<\/ul>\n<p style=\"text-align: justify;\"><strong><span style=\"font-family: arial, helvetica, sans-serif; font-size: 14pt;\">XIX Juegos Nacionales Escolares Infantiles<\/span><\/strong><\/p>\n<ul style=\"text-align: justify;\">\n<li><span style=\"font-family: arial, helvetica, sans-serif; font-size: 14pt;\">Baloncesto Femenino<\/span>\n<ul>\n<li><span style=\"font-family: arial, helvetica, sans-serif; font-size: 14pt;\"><span dir=\"ltr\" role=\"presentation\">SAGRADA FAMILIA DE URGEL<\/span> (11\u00ba)<\/span><\/li>\n<li><span style=\"font-family: arial, helvetica, sans-serif; font-size: 14pt;\"><span dir=\"ltr\" role=\"presentation\">SANTA ANA<\/span> (12\u00ba)<\/span><\/li>\n<\/ul>\n<\/li>\n<li><span style=\"font-family: arial, helvetica, sans-serif; font-size: 14pt;\">Baloncesto Masculino<\/span>\n<ul>\n<li><span style=\"font-family: arial, helvetica, sans-serif; font-size: 14pt;\"><span dir=\"ltr\" role=\"presentation\">SAGRADA FAMILIA DE URGEL<\/span> (4\u00ba)<\/span><\/li>\n<li><span style=\"font-family: arial, helvetica, sans-serif; font-size: 14pt;\"><span dir=\"ltr\" role=\"presentation\">CLARET<\/span> (11\u00ba)<\/span><\/li>\n<\/ul>\n<\/li>\n<li><span style=\"font-family: arial, helvetica, sans-serif; font-size: 14pt;\">F\u00fatbol 7<\/span>\n<ul>\n<li><span style=\"font-family: arial, helvetica, sans-serif; font-size: 14pt;\"><span dir=\"ltr\" role=\"presentation\">CLARET \u00abA\u00bb<\/span> (4\u00ba)<\/span><\/li>\n<li><span style=\"font-family: arial, helvetica, sans-serif; font-size: 14pt;\"><span dir=\"ltr\" role=\"presentation\">C. I. EUROPA<\/span> (5\u00ba)<\/span><\/li>\n<li><span style=\"font-family: arial, helvetica, sans-serif; font-size: 14pt;\"><span dir=\"ltr\" role=\"presentation\">CLARET \u00abB\u00bb<\/span> (6\u00ba)<\/span><\/li>\n<\/ul>\n<\/li>\n<li><span style=\"font-family: arial, helvetica, sans-serif; font-size: 14pt;\">F\u00fatbol Sala<\/span>\n<ul>\n<li><span style=\"font-family: arial, helvetica, sans-serif; font-size: 14pt;\"><span dir=\"ltr\" role=\"presentation\">SAN AGUST\u00cdN<\/span> (1\u00ba)<\/span><\/li>\n<li><span style=\"font-family: arial, helvetica, sans-serif; font-size: 14pt;\"><span dir=\"ltr\" role=\"presentation\">SANT\u00cdSIMA TRINIDAD<\/span> (3\u00ba)<\/span><\/li>\n<li><span style=\"font-family: arial, helvetica, sans-serif; font-size: 14pt;\"><span dir=\"ltr\" role=\"presentation\">MARISTAS SAN FERNANDO<\/span> (11\u00ba)<\/span><\/li>\n<\/ul>\n<\/li>\n<li><span style=\"font-family: arial, helvetica, sans-serif; font-size: 14pt;\">Voleibol<\/span>\n<ul>\n<li><span style=\"font-family: arial, helvetica, sans-serif; font-size: 14pt;\"><span dir=\"ltr\" role=\"presentation\">CLARET<\/span> (2\u00ba)<\/span><\/li>\n<li><span style=\"font-family: arial, helvetica, sans-serif; font-size: 14pt;\"><span dir=\"ltr\" role=\"presentation\">SANEL<\/span> (3\u00ba)<\/span><\/li>\n<li><span style=\"font-family: arial, helvetica, sans-serif; font-size: 14pt;\"><span dir=\"ltr\" role=\"presentation\">SANT\u00cdSIMA TRINIDAD<\/span> (11\u00ba)<\/span><\/li>\n<li><span dir=\"ltr\" style=\"font-family: arial, helvetica, sans-serif; font-size: 14pt;\" role=\"presentation\">MARISTAS SAN FERNANDO (12\u00ba)<br \/>\n<\/span><\/li>\n<\/ul>\n<\/li>\n<\/ul>\n<p style=\"text-align: justify;\"><strong><span style=\"font-family: arial, helvetica, sans-serif; font-size: 14pt;\">XXVI Juegos Nacionales Escolares Cadetes<\/span><\/strong><\/p>\n<ul>\n<li style=\"text-align: justify;\"><span style=\"font-family: arial, helvetica, sans-serif; font-size: 14pt;\">Baloncesto Femenino<\/span>\n<ul>\n<li><span style=\"font-family: arial, helvetica, sans-serif; font-size: 14pt;\"><span dir=\"ltr\" role=\"presentation\">SAGRADA FAMILIA DE URGEL<\/span> (10\u00ba)<\/span><\/li>\n<li><span style=\"font-family: arial, helvetica, sans-serif; font-size: 14pt;\"><span dir=\"ltr\" role=\"presentation\">ENTREOLIVOS<\/span> (11\u00ba)<\/span><\/li>\n<\/ul>\n<\/li>\n<li style=\"text-align: justify;\"><span style=\"font-family: arial, helvetica, sans-serif; font-size: 14pt;\">Baloncesto Masculino<\/span>\n<ul>\n<li><span style=\"font-family: arial, helvetica, sans-serif; font-size: 14pt;\"><span dir=\"ltr\" role=\"presentation\">CLARET<\/span> (3\u00ba)<\/span><\/li>\n<li><span style=\"font-family: arial, helvetica, sans-serif; font-size: 14pt;\"><span dir=\"ltr\" role=\"presentation\">SAGRADA FAMILIA DE URGEL<\/span> (5\u00ba)<\/span><\/li>\n<\/ul>\n<\/li>\n<li style=\"text-align: justify;\"><span style=\"font-family: arial, helvetica, sans-serif; font-size: 14pt;\">F\u00fatbol 7<\/span>\n<ul>\n<li><span style=\"font-family: arial, helvetica, sans-serif; font-size: 14pt;\"><span dir=\"ltr\" role=\"presentation\">CLARET<\/span> (1\u00ba)<\/span><\/li>\n<li><span style=\"font-family: arial, helvetica, sans-serif; font-size: 14pt;\"><span dir=\"ltr\" role=\"presentation\">PORTACELI<\/span> (7\u00ba)<\/span><\/li>\n<\/ul>\n<\/li>\n<li style=\"text-align: justify;\"><span style=\"font-family: arial, helvetica, sans-serif; font-size: 14pt;\">F\u00fatbol Sala<\/span>\n<ul>\n<li><span style=\"font-family: arial, helvetica, sans-serif; font-size: 14pt;\"><span dir=\"ltr\" role=\"presentation\">SANT\u00cdSIMA TRINIDAD<\/span> (4\u00ba)<\/span><\/li>\n<li><span style=\"font-family: arial, helvetica, sans-serif; font-size: 14pt;\"><span dir=\"ltr\" role=\"presentation\">VEDRUNA<\/span> (11\u00ba)<\/span><\/li>\n<\/ul>\n<\/li>\n<li><span style=\"font-family: arial, helvetica, sans-serif; font-size: 14pt;\">Voleibol<\/span>\n<ul>\n<li style=\"text-align: justify;\"><span style=\"font-family: arial, helvetica, sans-serif; font-size: 14pt;\"><span dir=\"ltr\" role=\"presentation\">CLARET<\/span> (2\u00ba)<\/span><\/li>\n<li style=\"text-align: justify;\"><span style=\"font-family: arial, helvetica, sans-serif; font-size: 14pt;\"><span dir=\"ltr\" role=\"presentation\">PORTACELI<\/span> (10\u00ba)<\/span><\/li>\n<li style=\"text-align: justify;\"><span style=\"font-family: arial, helvetica, sans-serif; font-size: 14pt;\"><span dir=\"ltr\" role=\"presentation\">LOS ROSALES<\/span> (11\u00ba)<\/span><\/li>\n<li style=\"text-align: justify;\"><span style=\"font-family: arial, helvetica, sans-serif; font-size: 14pt;\"><span dir=\"ltr\" role=\"presentation\">ENTREOLIVOS<\/span> (12\u00ba)<\/span><\/li>\n<\/ul>\n<\/li>\n<\/ul>\n","protected":false},"excerpt":{"rendered":"<p>Los Juegos Nacionales Escolares EMDE 2022 cerraron el pasado mi\u00e9rcoles 29 de junio una de las ediciones m\u00e1s numerosas y exitosas de su historia, con una participaci\u00f3n que superaba los&hellip; <\/p>\n","protected":false},"author":214,"featured_media":2995,"comment_status":"closed","ping_status":"open","sticky":false,"template":"","format":"standard","meta":{"footnotes":""},"categories":[37,10],"tags":[34,36],"class_list":["post-2992","post","type-post","status-publish","format-standard","has-post-thumbnail","hentry","category-juegos-emde","category-noticias","tag-juegos-emde","tag-torremolinos"],"_links":{"self":[{"href":"http:\/\/ecsevilla.org\/deportes\/wp-json\/wp\/v2\/posts\/2992","targetHints":{"allow":["GET"]}}],"collection":[{"href":"http:\/\/ecsevilla.org\/deportes\/wp-json\/wp\/v2\/posts"}],"about":[{"href":"http:\/\/ecsevilla.org\/deportes\/wp-json\/wp\/v2\/types\/post"}],"author":[{"embeddable":true,"href":"http:\/\/ecsevilla.org\/deportes\/wp-json\/wp\/v2\/users\/214"}],"replies":[{"embeddable":true,"href":"http:\/\/ecsevilla.org\/deportes\/wp-json\/wp\/v2\/comments?post=2992"}],"version-history":[{"count":12,"href":"http:\/\/ecsevilla.org\/deportes\/wp-json\/wp\/v2\/posts\/2992\/revisions"}],"predecessor-version":[{"id":3067,"href":"http:\/\/ecsevilla.org\/deportes\/wp-json\/wp\/v2\/posts\/2992\/revisions\/3067"}],"wp:featuredmedia":[{"embeddable":true,"href":"http:\/\/ecsevilla.org\/deportes\/wp-json\/wp\/v2\/media\/2995"}],"wp:attachment":[{"href":"http:\/\/ecsevilla.org\/deportes\/wp-json\/wp\/v2\/media?parent=2992"}],"wp:term":[{"taxonomy":"category","embeddable":true,"href":"http:\/\/ecsevilla.org\/deportes\/wp-json\/wp\/v2\/categories?post=2992"},{"taxonomy":"post_tag","embeddable":true,"href":"http:\/\/ecsevilla.org\/deportes\/wp-json\/wp\/v2\/tags?post=2992"}],"curies":[{"name":"wp","href":"https:\/\/api.w.org\/{rel}","templated":true}]}}