{"id":2981,"date":"2022-06-09T19:40:08","date_gmt":"2022-06-09T17:40:08","guid":{"rendered":"http:\/\/ecsevilla.org\/deportes\/?p=2981"},"modified":"2022-06-09T19:52:10","modified_gmt":"2022-06-09T17:52:10","slug":"los-juegos-deportivos-escolares-cerraron-su-trigesimoprimera-edicion-el-pasado-sabado-4-de-junio-en-una-esplendida-jornada-celebrada-en-el-c-i-europa","status":"publish","type":"post","link":"http:\/\/ecsevilla.org\/deportes\/los-juegos-deportivos-escolares-cerraron-su-trigesimoprimera-edicion-el-pasado-sabado-4-de-junio-en-una-esplendida-jornada-celebrada-en-el-c-i-europa\/","title":{"rendered":"Los Juegos Deportivos Escolares cerraron el pasado s\u00e1bado 4 de junio su trig\u00e9simoprimera edici\u00f3n en una espl\u00e9ndida jornada celebrada en el C.I. Europa"},"content":{"rendered":"<p style=\"text-align: justify;\"><span style=\"font-family: arial, helvetica, sans-serif; font-size: 14pt;\"><a href=\"http:\/\/ecsevilla.org\/deportes\/wp-content\/uploads\/2022\/06\/2022-06-04-12.13.37-scaled.jpg\"><img loading=\"lazy\" decoding=\"async\" class=\"aligncenter wp-image-2985 size-large\" src=\"http:\/\/ecsevilla.org\/deportes\/wp-content\/uploads\/2022\/06\/2022-06-04-12.13.37-1024x576.jpg\" alt=\"\" width=\"1024\" height=\"576\" srcset=\"http:\/\/ecsevilla.org\/deportes\/wp-content\/uploads\/2022\/06\/2022-06-04-12.13.37-1024x576.jpg 1024w, http:\/\/ecsevilla.org\/deportes\/wp-content\/uploads\/2022\/06\/2022-06-04-12.13.37-300x169.jpg 300w, http:\/\/ecsevilla.org\/deportes\/wp-content\/uploads\/2022\/06\/2022-06-04-12.13.37-768x432.jpg 768w, http:\/\/ecsevilla.org\/deportes\/wp-content\/uploads\/2022\/06\/2022-06-04-12.13.37-1536x864.jpg 1536w, http:\/\/ecsevilla.org\/deportes\/wp-content\/uploads\/2022\/06\/2022-06-04-12.13.37-2048x1152.jpg 2048w\" sizes=\"auto, (max-width: 1024px) 100vw, 1024px\" \/><\/a><\/span><\/p>\n<p style=\"text-align: justify;\"><span style=\"font-family: arial, helvetica, sans-serif; font-size: 14pt;\">Los Juegos Deportivos Escolares cerraron su trig\u00e9simoprimera edici\u00f3n el pasado s\u00e1bado 4 de junio en una espl\u00e9ndida jornada celebrada en el C.I. Europa, en la localidad aljarafe\u00f1a de Espartinas. Una competici\u00f3n que finaliza primando, como esp\u00edritu fundamental de este programa, la trasmisi\u00f3n de valores por encima de los resultados deportivos.<br \/>\n<\/span><\/p>\n<p style=\"text-align: justify;\"><span style=\"font-family: arial, helvetica, sans-serif; font-size: 14pt;\">Los valores son cualidades, creencias, principios y actitudes que vamos adquiriendo a lo largo del tiempo y que nos ayudan a ser mejores personas. Y en este aspecto, la practica deportiva, ya se trate simplemente del ejercicio f\u00edsico o del deporte de competici\u00f3n, es una de las actividades m\u00e1s importantes y que m\u00e1s pueden ayudar en la educaci\u00f3n integral durante la infancia y la juventud, porque a trav\u00e9s de ella, adem\u00e1s de desarrollar aspectos formativos, tambi\u00e9n podemos aprender valores, h\u00e1bitos saludables, recursos y fortalezas que nos servir\u00e1n a lo largo de nuestras vidas.<\/span><\/p>\n<p style=\"text-align: justify;\"><span style=\"font-family: arial, helvetica, sans-serif; font-size: 14pt;\">El deporte a estas edades incluye diversi\u00f3n, amistades, ilusi\u00f3n, esfuerzo y recompensas, pero, a la vez, tambi\u00e9n exige disciplina, superaci\u00f3n personal, compromiso y control emocional.<\/span><\/p>\n<p style=\"text-align: justify;\"><span style=\"font-family: arial, helvetica, sans-serif; font-size: 14pt;\">El deporte es una actividad que resulta muy atractiva y divertida en la juventud y para la que generalmente se tiene la necesaria motivaci\u00f3n. Esa predisposici\u00f3n favorece que todo lo que suceda en la actividad deportiva tenga un gran impacto. Es por tanto responsabilidad de las personas adultas involucradas en ella que ese impacto tenga consecuencias positivas en su desarrollo.<\/span><\/p>\n<p style=\"text-align: justify;\"><span style=\"font-family: arial, helvetica, sans-serif; font-size: 14pt;\">Estos son los motivos fundamentales por los que Escuelas Cat\u00f3licas de Sevilla sigue creyendo y apostando en el Deporte Escolar mediante la planificaci\u00f3n y desarrollo de estos Juegos Deportivos Escolares. Un programa que cumple 31 ediciones gracias a los colegios que desde sus inicios han venido participando en distintas temporadas de esta competici\u00f3n escolar. Gracias a todos los centros participantes desde 1991 y gracias especialmente a los Centros que se encuentran aqu\u00ed representados por coordinadores, entrenadores, jugadores,\u00a0 padres, madres y dem\u00e1s familiares, ya que sin ellos no podr\u00edamos presumir hoy de haber celebrado de manera ininterrumpida todas las ediciones de los Juegos desde sus inicios, a pesar de haber conocido una par\u00e1lisis mundial con la pandemia, incluyendo la supresi\u00f3n de un sinf\u00edn de actividades deportivas.\u00a0 Por ello hoy m\u00e1s que nunca nuestras palabras son de agradecimiento.<\/span><\/p>\n<p style=\"text-align: justify;\"><span style=\"font-family: arial, helvetica, sans-serif; font-size: 14pt;\">Durante la Jornada de Clausura se celebraron hasta 26 partidos, finales por el oro y finales por el bronce, de todos los deportes ofertados: baloncesto, f\u00fatbol 7, f\u00fatbol sala y voleibol. El Colegio Internacional Europa, anfitri\u00f3n de este evento por segunda ocasi\u00f3n, dispuso de todo lo necesario y m\u00e1s para que todos los presentes disfrutaran al m\u00e1ximo de la fiesta m\u00e1s importante del deporte escolar en nuestra provincia.<br \/>\n<\/span><\/p>\n<p style=\"text-align: justify;\"><span style=\"font-family: arial, helvetica, sans-serif; font-size: 14pt;\">Al final de la ma\u00f1ana tuvo lugar la ceremonia de clausura para los estudiantes de primaria, en la que tuvimos el honor de contar con Roc\u00edo Guerrero, presidenta de Escuelas Cat\u00f3licas Sevilla, y Jos\u00e9 Manuel Hidalgo, director del Colegio Internacional Europa, que entregaron las preseas a los equipos participantes, y Manuel Garc\u00eda, secretario t\u00e9cnico de nuestra instituci\u00f3n y coordinador deportivo del \u00e1rea de deportes, conduciendo el acto.<\/span><\/p>\n<p><a href=\"http:\/\/ecsevilla.org\/deportes\/wp-content\/uploads\/2022\/06\/WhatsApp-Image-2022-06-09-at-13.00.39.jpeg\"><img loading=\"lazy\" decoding=\"async\" class=\"aligncenter wp-image-2984 size-large\" src=\"http:\/\/ecsevilla.org\/deportes\/wp-content\/uploads\/2022\/06\/WhatsApp-Image-2022-06-09-at-13.00.39-1024x768.jpeg\" alt=\"\" width=\"1024\" height=\"768\" srcset=\"http:\/\/ecsevilla.org\/deportes\/wp-content\/uploads\/2022\/06\/WhatsApp-Image-2022-06-09-at-13.00.39-1024x768.jpeg 1024w, http:\/\/ecsevilla.org\/deportes\/wp-content\/uploads\/2022\/06\/WhatsApp-Image-2022-06-09-at-13.00.39-300x225.jpeg 300w, http:\/\/ecsevilla.org\/deportes\/wp-content\/uploads\/2022\/06\/WhatsApp-Image-2022-06-09-at-13.00.39-768x576.jpeg 768w, http:\/\/ecsevilla.org\/deportes\/wp-content\/uploads\/2022\/06\/WhatsApp-Image-2022-06-09-at-13.00.39-1536x1152.jpeg 1536w, http:\/\/ecsevilla.org\/deportes\/wp-content\/uploads\/2022\/06\/WhatsApp-Image-2022-06-09-at-13.00.39.jpeg 2048w\" sizes=\"auto, (max-width: 1024px) 100vw, 1024px\" \/><\/a><\/p>\n<p style=\"text-align: justify;\"><span style=\"font-family: arial, helvetica, sans-serif; font-size: 14pt;\">Por la tarde le lleg\u00f3 el turno a las categor\u00edas de secundaria, infantil y cadete, con 14 partidos en los que brill\u00f3 la absoluta deportividad y adem\u00e1s el excepcional nivel deportivo.<\/span><\/p>\n<p style=\"text-align: justify;\"><span style=\"font-family: arial, helvetica, sans-serif; font-size: 14pt;\">A continuaci\u00f3n se celebr\u00f3 la ceremonia de clausura para estas categor\u00edas, tambi\u00e9n presentada por Manuel Garc\u00eda, y cuyos trofeos fueron entregados por Jos\u00e9 Manuel Hidalgo, director del Colegio Internacional Europa; Alfonso S\u00e1nchez-Palencia, director del colegio Cardenal Sp\u00ednola de Sanl\u00facar La Mayor y Roberto Mu\u00f1oz, coordinador de deportes del colegio Los Rosales.<\/span><\/p>\n<p><a href=\"http:\/\/ecsevilla.org\/deportes\/wp-content\/uploads\/2022\/06\/2022-06-04-21.49.46-scaled.jpg\"><img loading=\"lazy\" decoding=\"async\" class=\"aligncenter wp-image-2987 size-large\" src=\"http:\/\/ecsevilla.org\/deportes\/wp-content\/uploads\/2022\/06\/2022-06-04-21.49.46-1024x576.jpg\" alt=\"\" width=\"1024\" height=\"576\" srcset=\"http:\/\/ecsevilla.org\/deportes\/wp-content\/uploads\/2022\/06\/2022-06-04-21.49.46-1024x576.jpg 1024w, http:\/\/ecsevilla.org\/deportes\/wp-content\/uploads\/2022\/06\/2022-06-04-21.49.46-300x169.jpg 300w, http:\/\/ecsevilla.org\/deportes\/wp-content\/uploads\/2022\/06\/2022-06-04-21.49.46-768x432.jpg 768w, http:\/\/ecsevilla.org\/deportes\/wp-content\/uploads\/2022\/06\/2022-06-04-21.49.46-1536x864.jpg 1536w, http:\/\/ecsevilla.org\/deportes\/wp-content\/uploads\/2022\/06\/2022-06-04-21.49.46-2048x1152.jpg 2048w\" sizes=\"auto, (max-width: 1024px) 100vw, 1024px\" \/><\/a><\/p>\n<p style=\"text-align: justify;\"><span style=\"font-family: arial, helvetica, sans-serif; font-size: 14pt;\">Desde el Departamento de Escuelas Cat\u00f3licas Sevilla queremos agraderos vuestro compromiso, vuestra implicaci\u00f3n, vuestro esfuerzo, vuestra responsabilidad, vuestra comprensi\u00f3n, vuestra alegr\u00eda y un largo etc. Valores todos ellos que nos reafirman en seguir trabajando en pro de este proyecto singular y vivo con el firme objetivo de transmitir valores positivos a trav\u00e9s del deporte, para conformar, de este modo, no solo buenos deportistas sino mejores personas.<\/span><\/p>\n<p style=\"text-align: justify;\"><span style=\"font-family: arial, helvetica, sans-serif; font-size: 14pt;\">\u00a1\u00a1\u00a1GRACIAS!!!<\/span><\/p>\n<p><a href=\"http:\/\/ecsevilla.org\/deportes\/wp-content\/uploads\/2022\/06\/2022-06-04-14.32.24-scaled.jpg\"><img loading=\"lazy\" decoding=\"async\" class=\"aligncenter wp-image-2986 size-large\" src=\"http:\/\/ecsevilla.org\/deportes\/wp-content\/uploads\/2022\/06\/2022-06-04-14.32.24-1024x576.jpg\" alt=\"\" width=\"1024\" height=\"576\" srcset=\"http:\/\/ecsevilla.org\/deportes\/wp-content\/uploads\/2022\/06\/2022-06-04-14.32.24-1024x576.jpg 1024w, http:\/\/ecsevilla.org\/deportes\/wp-content\/uploads\/2022\/06\/2022-06-04-14.32.24-300x169.jpg 300w, http:\/\/ecsevilla.org\/deportes\/wp-content\/uploads\/2022\/06\/2022-06-04-14.32.24-768x432.jpg 768w, http:\/\/ecsevilla.org\/deportes\/wp-content\/uploads\/2022\/06\/2022-06-04-14.32.24-1536x864.jpg 1536w, http:\/\/ecsevilla.org\/deportes\/wp-content\/uploads\/2022\/06\/2022-06-04-14.32.24-2048x1152.jpg 2048w\" sizes=\"auto, (max-width: 1024px) 100vw, 1024px\" \/><\/a><\/p>\n<p>&nbsp;<\/p>\n","protected":false},"excerpt":{"rendered":"<p>Los Juegos Deportivos Escolares cerraron su trig\u00e9simoprimera edici\u00f3n el pasado s\u00e1bado 4 de junio en una espl\u00e9ndida jornada celebrada en el C.I. Europa, en la localidad aljarafe\u00f1a de Espartinas. Una&hellip; <\/p>\n","protected":false},"author":214,"featured_media":2985,"comment_status":"closed","ping_status":"open","sticky":false,"template":"","format":"standard","meta":{"footnotes":""},"categories":[10],"tags":[],"class_list":["post-2981","post","type-post","status-publish","format-standard","has-post-thumbnail","hentry","category-noticias"],"_links":{"self":[{"href":"http:\/\/ecsevilla.org\/deportes\/wp-json\/wp\/v2\/posts\/2981","targetHints":{"allow":["GET"]}}],"collection":[{"href":"http:\/\/ecsevilla.org\/deportes\/wp-json\/wp\/v2\/posts"}],"about":[{"href":"http:\/\/ecsevilla.org\/deportes\/wp-json\/wp\/v2\/types\/post"}],"author":[{"embeddable":true,"href":"http:\/\/ecsevilla.org\/deportes\/wp-json\/wp\/v2\/users\/214"}],"replies":[{"embeddable":true,"href":"http:\/\/ecsevilla.org\/deportes\/wp-json\/wp\/v2\/comments?post=2981"}],"version-history":[{"count":5,"href":"http:\/\/ecsevilla.org\/deportes\/wp-json\/wp\/v2\/posts\/2981\/revisions"}],"predecessor-version":[{"id":2990,"href":"http:\/\/ecsevilla.org\/deportes\/wp-json\/wp\/v2\/posts\/2981\/revisions\/2990"}],"wp:featuredmedia":[{"embeddable":true,"href":"http:\/\/ecsevilla.org\/deportes\/wp-json\/wp\/v2\/media\/2985"}],"wp:attachment":[{"href":"http:\/\/ecsevilla.org\/deportes\/wp-json\/wp\/v2\/media?parent=2981"}],"wp:term":[{"taxonomy":"category","embeddable":true,"href":"http:\/\/ecsevilla.org\/deportes\/wp-json\/wp\/v2\/categories?post=2981"},{"taxonomy":"post_tag","embeddable":true,"href":"http:\/\/ecsevilla.org\/deportes\/wp-json\/wp\/v2\/tags?post=2981"}],"curies":[{"name":"wp","href":"https:\/\/api.w.org\/{rel}","templated":true}]}}