{"id":2965,"date":"2022-05-31T16:42:37","date_gmt":"2022-05-31T14:42:37","guid":{"rendered":"http:\/\/ecsevilla.org\/deportes\/?p=2965"},"modified":"2023-05-10T11:49:03","modified_gmt":"2023-05-10T09:49:03","slug":"la-jornada-de-clausura-de-los-xxxi-juegos-deportivos-escolares-se-celebrara-el-proximo-sabado-4-de-junio-en-el-colegio-internacional-europa","status":"publish","type":"post","link":"http:\/\/ecsevilla.org\/deportes\/la-jornada-de-clausura-de-los-xxxi-juegos-deportivos-escolares-se-celebrara-el-proximo-sabado-4-de-junio-en-el-colegio-internacional-europa\/","title":{"rendered":"La Jornada de Clausura de los XXXI Juegos Deportivos Escolares se celebrar\u00e1 el pr\u00f3ximo s\u00e1bado 4 de junio en el Colegio Internacional Europa"},"content":{"rendered":"<p style=\"text-align: justify;\"><span style=\"font-family: arial, helvetica, sans-serif; font-size: 14pt;\">La Jornada de Clausura de los XXXI Juegos Deportivos Escolares se celebrar\u00e1 el pr\u00f3ximo s\u00e1bado 4 de junio en el Colegio Internacional Europa. Se adjunta programaci\u00f3n de partidos para la Jornada Final que se celebrar\u00e1 el pr\u00f3ximo s\u00e1bado 4 de junio en las instalaciones deportivas del Colegio Internacional Europa.<\/span><\/p>\n<p style=\"text-align: justify;\"><span style=\"font-family: arial, helvetica, sans-serif; font-size: 14pt;\">En esta entrada os ofrecemos la programaci\u00f3n de partidos que se celebrar\u00e1n este d\u00eda y que corresponden a la lucha por el tercer puesto y las finales de catorce competiciones de las veintiuna que han conformado la temporada 2021-2022.<\/span><\/p>\n<p style=\"text-align: justify;\"><span style=\"font-family: arial, helvetica, sans-serif; font-size: 14pt;\"><a href=\"http:\/\/ecsevilla.org\/deportes\/wp-content\/uploads\/2022\/05\/Programa-2_00003.jpg\"><img loading=\"lazy\" decoding=\"async\" class=\"aligncenter wp-image-2966 size-large\" src=\"http:\/\/ecsevilla.org\/deportes\/wp-content\/uploads\/2022\/05\/Programa-2_00003-1024x791.jpg\" alt=\"\" width=\"1024\" height=\"791\" srcset=\"http:\/\/ecsevilla.org\/deportes\/wp-content\/uploads\/2022\/05\/Programa-2_00003-1024x791.jpg 1024w, http:\/\/ecsevilla.org\/deportes\/wp-content\/uploads\/2022\/05\/Programa-2_00003-300x232.jpg 300w, http:\/\/ecsevilla.org\/deportes\/wp-content\/uploads\/2022\/05\/Programa-2_00003-768x593.jpg 768w, http:\/\/ecsevilla.org\/deportes\/wp-content\/uploads\/2022\/05\/Programa-2_00003-1536x1187.jpg 1536w, http:\/\/ecsevilla.org\/deportes\/wp-content\/uploads\/2022\/05\/Programa-2_00003-2048x1583.jpg 2048w\" sizes=\"auto, (max-width: 1024px) 100vw, 1024px\" \/><\/a>Adem\u00e1s, procedemos a facilitar algunas informaciones relativas tanto a dicha jornada como al Acto de Clausura de los XXXI Juegos Deportivos Escolares que se celebrar\u00e1 tambi\u00e9n el pr\u00f3ximo s\u00e1bado 4 de junio a la finalziaci\u00f3n de cada serie de partidos.<\/span><\/p>\n<ul style=\"text-align: justify;\">\n<li><span style=\"font-family: arial, helvetica, sans-serif; font-size: 14pt;\">El Colegio Internacional Europa <strong>cuenta con parking propio. Rogamos atiendan las indicaciones del personal que para tal efecto se encontrar\u00e1 ordenando la entrada y salida de veh\u00edculos.<\/strong><\/span><\/li>\n<li><span style=\"font-family: arial, helvetica, sans-serif; font-size: 14pt;\">Os recuerdo que para inscribir a los jugadores en acta deber\u00e9is presentar la licencia de equipo expedida para tal efecto. Los equipos <strong>\u00fanicamente podr\u00e1n inscribir en acta 12<\/strong> <strong>jugadores<\/strong>. <strong>De ninguna manera podr\u00e1n permanecer en los banquillos personas que no est\u00e9n inscritas en acta<\/strong>, ni siquiera jugadores que estando incluidos en la licencia de equipo excedan los 12 jugadores incluidos en el acta.<\/span><\/li>\n<li><span style=\"font-family: arial, helvetica, sans-serif; font-size: 14pt;\">En caso de <strong>coincidencia de equipaci\u00f3n<\/strong>, el equipo que figure como <strong>local ser\u00e1 quien deba cambiar<\/strong> el color de la misma. Aconsejamos o bien llevar dos equipaciones o bien ponerse en contacto con el coordinador del otro equipo para conocer el color que vestir\u00e1n.<\/span><\/li>\n<li><span style=\"font-family: arial, helvetica, sans-serif; font-size: 14pt;\">El equipo deber\u00e1 contar con <strong>al menos un entrenador para poder iniciar, disputar y concluir el partido.<\/strong> \u00danicamente podr\u00e1n actuar como <strong>entrenadores las personas acreditadas <\/strong>como tal<strong> por la Organizaci\u00f3n de los Juegos<\/strong>.<\/span><\/li>\n<li><span style=\"font-family: arial, helvetica, sans-serif; font-size: 14pt;\">La <strong>Organizaci\u00f3n dispondr\u00e1 los balones de juego<\/strong> <strong>pero<\/strong> <strong>no aportar\u00e1 balones para el calentamiento<\/strong> de los equipos.<\/span><\/li>\n<li><span style=\"font-family: arial, helvetica, sans-serif; font-size: 14pt;\">La planificaci\u00f3n de la Jornada puede verse alterada por cualquier incidencia que posibilite alg\u00fan retraso en los horarios recogidos en programaci\u00f3n. Aunque los horarios est\u00e1n programados con esta previsi\u00f3n rogamos trasladen a los seguidores de sus equipos la calma y comprensi\u00f3n que requieren estas situaciones en eventos de esta envergadura.<\/span><\/li>\n<li><span style=\"font-family: arial, helvetica, sans-serif; font-size: 14pt;\">El Colegio contara con servicio de bar-cafeter\u00eda que estar\u00e1 abierto durante el transcurso de la Jornada.<\/span><\/li>\n<li><span style=\"font-family: arial, helvetica, sans-serif; font-size: 14pt;\"><strong>Todos los equipos participantes en la Jornada Final tendr\u00e1n trofeo<\/strong>, incluido el equipo que no consiga la victoria por el 3\u00ba y 4\u00ba puesto, en reconocimiento a su participaci\u00f3n en la Jornada Final de los Juegos<\/span><\/li>\n<li><span style=\"font-family: arial, helvetica, sans-serif; font-size: 14pt;\">Rogamos que en caso de no poder asistir a la entrega del Trofeo por causas de fuerza mayor, el Coordinador de deportes designe a una persona para que pueda realizar dicha funci\u00f3n, de modo que el evento transcurra con normalidad.<\/span><\/li>\n<li><span style=\"font-family: arial, helvetica, sans-serif; font-size: 14pt;\">A continuaci\u00f3n <strong>os detallamos las Entregas de Trofeos seg\u00fan categor\u00edas<\/strong> y modalidades deportivas:<\/span>\n<ul>\n<li><span style=\"font-family: arial, helvetica, sans-serif; font-size: 14pt;\">Las categor\u00edas que deber\u00e1n recoger el trofeo en el <strong>Acto de Clausura de la ma\u00f1ana<\/strong>, programado para las <strong>14:00<\/strong> <strong>horas<\/strong> son las siguientes:<\/span>\n<ul>\n<li><span style=\"font-family: arial, helvetica, sans-serif; font-size: 14pt;\">Baloncesto Prebenjam\u00edn Mixto<\/span><\/li>\n<li><span style=\"font-family: arial, helvetica, sans-serif; font-size: 14pt;\">Baloncesto Benjam\u00edn Femenino<\/span><\/li>\n<li><span style=\"font-family: arial, helvetica, sans-serif; font-size: 14pt;\">Baloncesto Benjam\u00edn Masculino<\/span><\/li>\n<li><span style=\"font-family: arial, helvetica, sans-serif; font-size: 14pt;\">Baloncesto Alev\u00edn Femenino<\/span><\/li>\n<li><span style=\"font-family: arial, helvetica, sans-serif; font-size: 14pt;\">Baloncesto Alev\u00edn Masculino<\/span><\/li>\n<li><span style=\"font-family: arial, helvetica, sans-serif; font-size: 14pt;\">F\u00fatbol 7 Benjam\u00edn Mixto<\/span><\/li>\n<li><span style=\"font-family: arial, helvetica, sans-serif; font-size: 14pt;\">F\u00fatbol 7 Alev\u00edn Mixto<\/span><\/li>\n<li><span style=\"font-family: arial, helvetica, sans-serif; font-size: 14pt;\">F\u00fatbol Sala Prebenjamin Mixto<\/span><\/li>\n<li><span style=\"font-family: arial, helvetica, sans-serif; font-size: 14pt;\">F\u00fatbol Sala Benjam\u00edn Mixto<\/span><\/li>\n<li><span style=\"font-family: arial, helvetica, sans-serif; font-size: 14pt;\">F\u00fatbol Sala Alev\u00edn Mixto<\/span><\/li>\n<li><span style=\"font-family: arial, helvetica, sans-serif; font-size: 14pt;\">Voleibol Benjam\u00edn Mixto<\/span><\/li>\n<li><span style=\"font-family: arial, helvetica, sans-serif; font-size: 14pt;\">Voleibol Alev\u00edn Mixto<\/span><\/li>\n<\/ul>\n<\/li>\n<\/ul>\n<\/li>\n<\/ul>\n<ul style=\"text-align: justify;\">\n<li style=\"list-style-type: none;\">\n<ul>\n<li><span style=\"font-family: arial, helvetica, sans-serif; font-size: 14pt;\">Las categor\u00edas que deber\u00e1n recoger el trofeo en el <strong>Acto de Clausura de la tarde<\/strong>, programado para las <strong>21:00 horas<\/strong> son las siguientes:<\/span>\n<ul>\n<li><span style=\"font-family: arial, helvetica, sans-serif; font-size: 14pt;\">Baloncesto Infantil Femenino<\/span><\/li>\n<li><span style=\"font-family: arial, helvetica, sans-serif; font-size: 14pt;\">Baloncesto Infantil Masculino<\/span><\/li>\n<li><span style=\"font-family: arial, helvetica, sans-serif; font-size: 14pt;\">Baloncesto Cadete Femenino<\/span><\/li>\n<li><span style=\"font-family: arial, helvetica, sans-serif; font-size: 14pt;\">Baloncesto Cadete Masculino<\/span><\/li>\n<li><span style=\"font-family: arial, helvetica, sans-serif; font-size: 14pt;\">F\u00fatbol 7 Infantil Masculino<\/span><\/li>\n<li><span style=\"font-family: arial, helvetica, sans-serif; font-size: 14pt;\">F\u00fatbol Sala Infantil Masculino<\/span><\/li>\n<li><span style=\"font-family: arial, helvetica, sans-serif; font-size: 14pt;\">F\u00fatbol Sala Cadete Masculino<\/span><\/li>\n<li><span style=\"font-family: arial, helvetica, sans-serif; font-size: 14pt;\">Voleibol Infantil Femenino<\/span><\/li>\n<li><span style=\"font-family: arial, helvetica, sans-serif; font-size: 14pt;\">Voleibol Cadete Femenino<\/span><\/li>\n<\/ul>\n<\/li>\n<\/ul>\n<\/li>\n<\/ul>\n<p style=\"text-align: justify;\"><span style=\"font-family: arial, helvetica, sans-serif; font-size: 14pt;\">Desde la organizaci\u00f3n de la competici\u00f3n esperamos disfrutar de una verdadera Fiesta del Deporte Escolar donde la totalidad de representantes de los centros participantes, ya sean jugadores, entrenadores, coordinadores, padres y dem\u00e1s familiares as\u00ed como los propiosmiembros de la Organizaci\u00f3n podamos compartir un gran d\u00eda de convivencia que signifique el broche final a una particular temporada.<\/span><\/p>\n<p style=\"text-align: justify;\"><span style=\"font-family: arial, helvetica, sans-serif; font-size: 14pt;\">Igualmente os animamos a que traslad\u00e9is al director\/a de vuestro Centro la idea de asistir al evento, de modo que puedan comprobar de primera mano las alegr\u00edas y frutos recogidos tras el esfuerzo cosechado durante todo un curso escolar practicando deporte educativo. Muchos nos hab\u00e9is trasladado, en ocasiones, el bien que ha hecho para la secci\u00f3n deportiva del colegio su asistencia a esta Jornada Final. Estaremos encantados de contar con ellos en el Acto de Clausura disfrutando incluso en la entrega de alg\u00fan Trofeo a su propio Centro. En dicho caso, os agradecer\u00edanos nos comunicaseis su asistencia al Acto para poder tenerlo en cuenta.<\/span><\/p>\n<p><a href=\"http:\/\/ecsevilla.org\/deportes\/wp-content\/uploads\/2022\/05\/escuelas-deportivas-38-scaled.jpg\"><img loading=\"lazy\" decoding=\"async\" class=\"aligncenter wp-image-2967 size-large\" src=\"http:\/\/ecsevilla.org\/deportes\/wp-content\/uploads\/2022\/05\/escuelas-deportivas-38-1024x682.jpg\" alt=\"\" width=\"1024\" height=\"682\" srcset=\"http:\/\/ecsevilla.org\/deportes\/wp-content\/uploads\/2022\/05\/escuelas-deportivas-38-1024x682.jpg 1024w, http:\/\/ecsevilla.org\/deportes\/wp-content\/uploads\/2022\/05\/escuelas-deportivas-38-300x200.jpg 300w, http:\/\/ecsevilla.org\/deportes\/wp-content\/uploads\/2022\/05\/escuelas-deportivas-38-768x511.jpg 768w, http:\/\/ecsevilla.org\/deportes\/wp-content\/uploads\/2022\/05\/escuelas-deportivas-38-1536x1022.jpg 1536w, http:\/\/ecsevilla.org\/deportes\/wp-content\/uploads\/2022\/05\/escuelas-deportivas-38-2048x1363.jpg 2048w\" sizes=\"auto, (max-width: 1024px) 100vw, 1024px\" \/><\/a><\/p>\n","protected":false},"excerpt":{"rendered":"<p>La Jornada de Clausura de los XXXI Juegos Deportivos Escolares se celebrar\u00e1 el pr\u00f3ximo s\u00e1bado 4 de junio en el Colegio Internacional Europa. Se adjunta programaci\u00f3n de partidos para la&hellip; <\/p>\n","protected":false},"author":214,"featured_media":2967,"comment_status":"closed","ping_status":"open","sticky":false,"template":"","format":"standard","meta":{"footnotes":""},"categories":[10],"tags":[],"class_list":["post-2965","post","type-post","status-publish","format-standard","has-post-thumbnail","hentry","category-noticias"],"_links":{"self":[{"href":"http:\/\/ecsevilla.org\/deportes\/wp-json\/wp\/v2\/posts\/2965","targetHints":{"allow":["GET"]}}],"collection":[{"href":"http:\/\/ecsevilla.org\/deportes\/wp-json\/wp\/v2\/posts"}],"about":[{"href":"http:\/\/ecsevilla.org\/deportes\/wp-json\/wp\/v2\/types\/post"}],"author":[{"embeddable":true,"href":"http:\/\/ecsevilla.org\/deportes\/wp-json\/wp\/v2\/users\/214"}],"replies":[{"embeddable":true,"href":"http:\/\/ecsevilla.org\/deportes\/wp-json\/wp\/v2\/comments?post=2965"}],"version-history":[{"count":6,"href":"http:\/\/ecsevilla.org\/deportes\/wp-json\/wp\/v2\/posts\/2965\/revisions"}],"predecessor-version":[{"id":3329,"href":"http:\/\/ecsevilla.org\/deportes\/wp-json\/wp\/v2\/posts\/2965\/revisions\/3329"}],"wp:featuredmedia":[{"embeddable":true,"href":"http:\/\/ecsevilla.org\/deportes\/wp-json\/wp\/v2\/media\/2967"}],"wp:attachment":[{"href":"http:\/\/ecsevilla.org\/deportes\/wp-json\/wp\/v2\/media?parent=2965"}],"wp:term":[{"taxonomy":"category","embeddable":true,"href":"http:\/\/ecsevilla.org\/deportes\/wp-json\/wp\/v2\/categories?post=2965"},{"taxonomy":"post_tag","embeddable":true,"href":"http:\/\/ecsevilla.org\/deportes\/wp-json\/wp\/v2\/tags?post=2965"}],"curies":[{"name":"wp","href":"https:\/\/api.w.org\/{rel}","templated":true}]}}