{"id":2744,"date":"2021-09-16T12:12:29","date_gmt":"2021-09-16T10:12:29","guid":{"rendered":"http:\/\/ecsevilla.org\/deportes\/?p=2744"},"modified":"2021-09-16T12:23:20","modified_gmt":"2021-09-16T10:23:20","slug":"emde-convoca-su-i-carrera-virtual-solidaria","status":"publish","type":"post","link":"http:\/\/ecsevilla.org\/deportes\/emde-convoca-su-i-carrera-virtual-solidaria\/","title":{"rendered":"EMDE convoca su I Carrera Virtual Solidaria, una oportunidad para acercarse a los h\u00e1bitos de vida saludables y proporcionar una aportaci\u00f3n econ\u00f3mica a alguna ONG"},"content":{"rendered":"<p><a href=\"http:\/\/ecsevilla.org\/deportes\/wp-content\/uploads\/2018\/10\/barra-ecs-1.jpg\"><img loading=\"lazy\" decoding=\"async\" class=\"aligncenter size-full wp-image-2093\" src=\"http:\/\/ecsevilla.org\/deportes\/wp-content\/uploads\/2018\/10\/barra-ecs-1.jpg\" alt=\"barra ecs\" width=\"901\" height=\"29\" srcset=\"http:\/\/ecsevilla.org\/deportes\/wp-content\/uploads\/2018\/10\/barra-ecs-1.jpg 901w, http:\/\/ecsevilla.org\/deportes\/wp-content\/uploads\/2018\/10\/barra-ecs-1-300x10.jpg 300w, http:\/\/ecsevilla.org\/deportes\/wp-content\/uploads\/2018\/10\/barra-ecs-1-768x25.jpg 768w\" sizes=\"auto, (max-width: 901px) 100vw, 901px\" \/><\/a><\/p>\n<p>&nbsp;<\/p>\n<p style=\"text-align: justify;\"><span style=\"font-family: arial, helvetica, sans-serif; font-size: 14pt;\"><a href=\"http:\/\/ecsevilla.org\/deportes\/wp-content\/uploads\/2021\/09\/running-maraton-kgXG-620x349@abc-370x210-1.jpg\"><img loading=\"lazy\" decoding=\"async\" class=\"alignright wp-image-2746 size-full\" src=\"http:\/\/ecsevilla.org\/deportes\/wp-content\/uploads\/2021\/09\/running-maraton-kgXG-620x349@abc-370x210-1.jpg\" alt=\"\" width=\"370\" height=\"210\" srcset=\"http:\/\/ecsevilla.org\/deportes\/wp-content\/uploads\/2021\/09\/running-maraton-kgXG-620x349@abc-370x210-1.jpg 370w, http:\/\/ecsevilla.org\/deportes\/wp-content\/uploads\/2021\/09\/running-maraton-kgXG-620x349@abc-370x210-1-300x170.jpg 300w\" sizes=\"auto, (max-width: 370px) 100vw, 370px\" \/><\/a>El ente de promoci\u00f3n deportiva Eusebio Mill\u00e1n Deporte Escolar (EMDE) convoca la primera edici\u00f3n de su Carrera Virtual Solidaria, una oportunidad para acercarse a los h\u00e1bitos de vida saludables y proporcionar una aportaci\u00f3n econ\u00f3mica a alguna ONG que destine sus recursos para las personas que se encuentren en momentos de necesidad.<\/span><\/p>\n<p style=\"text-align: justify;\"><span style=\"font-family: arial, helvetica, sans-serif; font-size: 14pt;\">Pedro Jos\u00e9 Huerta, Secretario General de Escuelas Cat\u00f3licas y Presidente de EMDE, nos traslada las siguientes palabras acerca de este evento:<\/span><\/p>\n<p style=\"text-align: justify;\"><span style=\"font-family: arial, helvetica, sans-serif; font-size: 14pt;\">\u00abTras este largo tiempo sin actividad, en lo que se refiere a los Juegos Nacionales Escolares EMDE y a los Juegos Mundiales de la Federaci\u00f3n Internacional del Deporte de la Ense\u00f1anza Cat\u00f3lica (FISEC), desde nuestra entidad deportiva nacional queremos mandar un mensaje de esperanza, de superaci\u00f3n, de solidaridad y de salud en forma de prueba atl\u00e9tica, y por ello convocamos la 1\u00aa Carrera Virtual Solidaria EMDE.<\/span><\/p>\n<p style=\"text-align: justify;\"><span style=\"font-family: arial, helvetica, sans-serif; font-size: 14pt;\">En esta prueba atl\u00e9tica el \u00fanico adversario ser\u00e1 uno mismo, sin importar el nivel t\u00e9cnico, fomentando as\u00ed la cultura del esfuerzo y de la cooperaci\u00f3n. Cada participante dispondr\u00e1 de un plazo de siete d\u00edas para sumar kil\u00f3metros, que ser\u00e1 lo que cuente para la clasificaci\u00f3n final. Pueden sumarse kil\u00f3metros andando o corriendo (no en ning\u00fan tipo de veh\u00edculo) y se podr\u00e1n realizar tanto en las horas lectivas de Educaci\u00f3n F\u00edsica, como en las de actividades extraescolares o en el tiempo de ocio personal y familiar. Adem\u00e1s pondremos en juego la competencia digital, ya que todo esto se realizar\u00e1 mediante la instalaci\u00f3n y el uso de la app oficial de la carrera,que podr\u00e9is descargar gratuitamente para IOS y Android tras realizar la inscripci\u00f3n.<\/span><\/p>\n<p style=\"text-align: justify;\"><span style=\"font-family: arial, helvetica, sans-serif; font-size: 14pt;\"><a href=\"http:\/\/ecsevilla.org\/deportes\/wp-content\/uploads\/2021\/09\/cartel-carrera-virtual-solidaria.jpg\"><img loading=\"lazy\" decoding=\"async\" class=\"alignright wp-image-2745 size-full\" src=\"http:\/\/ecsevilla.org\/deportes\/wp-content\/uploads\/2021\/09\/cartel-carrera-virtual-solidaria.jpg\" alt=\"\" width=\"320\" height=\"434\" srcset=\"http:\/\/ecsevilla.org\/deportes\/wp-content\/uploads\/2021\/09\/cartel-carrera-virtual-solidaria.jpg 320w, http:\/\/ecsevilla.org\/deportes\/wp-content\/uploads\/2021\/09\/cartel-carrera-virtual-solidaria-221x300.jpg 221w\" sizes=\"auto, (max-width: 320px) 100vw, 320px\" \/><\/a>La inscripci\u00f3n ser\u00e1 de 1,5\u20ac por participante. Con lo recaudado en esta prueba solidaria, se destinar\u00e1 el 66 % a la ONG que decida el colegio ganador. Si el colegio no optara por una, desde EMDE donaremos dicho importe a C\u00e1ritas.<\/span><\/p>\n<p style=\"text-align: justify;\"><span style=\"font-family: arial, helvetica, sans-serif; font-size: 14pt;\">Los kil\u00f3metros de la carrera virtual se podr\u00e1n sumar y realizar entre los d\u00edas 4 a 10 de octubre, ambos inclusive. Se podr\u00e1n realizar tanto andando como corriendo, a cualquier velocidad, ya que tendr\u00e1 car\u00e1cter cuantitativo, sin importar la media. La APP sumar\u00e1 autom\u00e1ticamente los kil\u00f3metros realizados por todos los participantes de cada colegio, por eso para este reto va a ser muy importante la cooperaci\u00f3n, ya que resultar\u00e1 ganador aquel colegio que haya acumulado m\u00e1s kil\u00f3metros entre los todos sus alumnos, profesores, PAS, directivos, familias, antiguos alumnos, etc, que se hayan suscrito.<\/span><\/p>\n<p style=\"text-align: justify;\"><span style=\"font-family: arial, helvetica, sans-serif; font-size: 14pt;\">El per\u00eddo de inscripci\u00f3n ser\u00e1 del 10 al 30 de septiembre. Es cierto que son fechas complicados por el comienzo de curso, por eso contamos contigo para dar la m\u00e1xima difusi\u00f3n a esta carrera virtual. Las inscripciones se podr\u00e1n realizar a trav\u00e9s del enlace:<\/span><\/p>\n<p style=\"text-align: justify;\"><span style=\"font-family: arial, helvetica, sans-serif; font-size: 14pt;\"><a href=\"https:\/\/www.rockthesport.com\/es\/evento\/carrera-virtual-solidaria-emde-2021\" target=\"_blank\" rel=\"noopener\">https:\/\/www.rockthesport.com\/es\/evento\/carrera-virtual-solidaria-emde-2021<\/a><\/span><\/p>\n<p style=\"text-align: justify;\"><span style=\"font-family: arial, helvetica, sans-serif; font-size: 14pt;\">Una vez inscritos os animamos a publicar en redes sociales una imagen con alguno de estos mensajes: \u00abYo me sumo a la carrera\u00bb, \u00abS\u00famate a la carrera o \u00abYo tambi\u00e9n corro con @EMDE\u00bb. En cualquier momento, tambi\u00e9n durante la carrera, os invitamos a usar el hashtag #CarreravirtualEMDE y #KmsolidariosEMDE.<\/span><\/p>\n<p style=\"text-align: justify;\"><span style=\"font-family: arial, helvetica, sans-serif; font-size: 14pt;\">Esta iniciativa ser\u00e1 un gran \u00e9xito si ponemos todos de nuestra parte y difundimos la 1 Carrera Virtual Solidaria entre las comunidades educativas de los centros que conformamos Escuelas Cat\u00f3licas, que est\u00e1n a su vez invitadas a participar en el resto de actividades de EMDE. M\u00e1s informaci\u00f3n <\/span><span style=\"font-family: arial, helvetica, sans-serif; font-size: 14pt;\">en la web: \u00a0<a href=\"https:\/\/eusebiomillan.com\/\">https:\/\/www.eusebiomillan.com\/<\/a> y en la cuenta de Twitter <a href=\"https:\/\/twitter.com\/JuegosEMDE\" target=\"_blank\" rel=\"noopener\">@JuegosEMDE<\/a>.\u00bb<\/span><\/p>\n<p style=\"text-align: justify;\"><span style=\"font-family: arial, helvetica, sans-serif; font-size: 14pt;\">Tras estas palabras de Pedro Jos\u00e9 Huerta, os facilitamos en el siguiente enlace las bases de participaci\u00f3n:<\/span><\/p>\n<p><a href=\"https:\/\/eusebiomillan.com\/wp-content\/uploads\/sites\/14\/2021\/09\/BASES-DE-PARTICIPACION.pdf\" target=\"_blank\" rel=\"noopener\"><span style=\"font-family: arial, helvetica, sans-serif; font-size: 14pt;\">Bases De Participaci\u00f3n<\/span><\/a><\/p>\n<p style=\"text-align: justify;\"><span style=\"font-family: arial, helvetica, sans-serif; font-size: 14pt;\">Deseamos que esta iniciativa cuente con vuestro respaldo y podamos disfrutar de este gran evento nacional cooperativo.<\/span><\/p>\n<p>&nbsp;<\/p>\n<p><a href=\"http:\/\/ecsevilla.org\/deportes\/wp-content\/uploads\/2018\/10\/barra-ecs-1.jpg\"><img loading=\"lazy\" decoding=\"async\" class=\"aligncenter size-full wp-image-2093\" src=\"http:\/\/ecsevilla.org\/deportes\/wp-content\/uploads\/2018\/10\/barra-ecs-1.jpg\" alt=\"barra ecs\" width=\"901\" height=\"29\" srcset=\"http:\/\/ecsevilla.org\/deportes\/wp-content\/uploads\/2018\/10\/barra-ecs-1.jpg 901w, http:\/\/ecsevilla.org\/deportes\/wp-content\/uploads\/2018\/10\/barra-ecs-1-300x10.jpg 300w, http:\/\/ecsevilla.org\/deportes\/wp-content\/uploads\/2018\/10\/barra-ecs-1-768x25.jpg 768w\" sizes=\"auto, (max-width: 901px) 100vw, 901px\" \/><\/a><\/p>\n","protected":false},"excerpt":{"rendered":"<p>&nbsp; El ente de promoci\u00f3n deportiva Eusebio Mill\u00e1n Deporte Escolar (EMDE) convoca la primera edici\u00f3n de su Carrera Virtual Solidaria, una oportunidad para acercarse a los h\u00e1bitos de vida saludables&hellip; <\/p>\n","protected":false},"author":214,"featured_media":2746,"comment_status":"closed","ping_status":"open","sticky":false,"template":"","format":"standard","meta":{"footnotes":""},"categories":[10],"tags":[33,32,31],"class_list":["post-2744","post","type-post","status-publish","format-standard","has-post-thumbnail","hentry","category-noticias","tag-ano-2021","tag-carrera-virtual-solidaria","tag-emde"],"_links":{"self":[{"href":"http:\/\/ecsevilla.org\/deportes\/wp-json\/wp\/v2\/posts\/2744","targetHints":{"allow":["GET"]}}],"collection":[{"href":"http:\/\/ecsevilla.org\/deportes\/wp-json\/wp\/v2\/posts"}],"about":[{"href":"http:\/\/ecsevilla.org\/deportes\/wp-json\/wp\/v2\/types\/post"}],"author":[{"embeddable":true,"href":"http:\/\/ecsevilla.org\/deportes\/wp-json\/wp\/v2\/users\/214"}],"replies":[{"embeddable":true,"href":"http:\/\/ecsevilla.org\/deportes\/wp-json\/wp\/v2\/comments?post=2744"}],"version-history":[{"count":6,"href":"http:\/\/ecsevilla.org\/deportes\/wp-json\/wp\/v2\/posts\/2744\/revisions"}],"predecessor-version":[{"id":2752,"href":"http:\/\/ecsevilla.org\/deportes\/wp-json\/wp\/v2\/posts\/2744\/revisions\/2752"}],"wp:featuredmedia":[{"embeddable":true,"href":"http:\/\/ecsevilla.org\/deportes\/wp-json\/wp\/v2\/media\/2746"}],"wp:attachment":[{"href":"http:\/\/ecsevilla.org\/deportes\/wp-json\/wp\/v2\/media?parent=2744"}],"wp:term":[{"taxonomy":"category","embeddable":true,"href":"http:\/\/ecsevilla.org\/deportes\/wp-json\/wp\/v2\/categories?post=2744"},{"taxonomy":"post_tag","embeddable":true,"href":"http:\/\/ecsevilla.org\/deportes\/wp-json\/wp\/v2\/tags?post=2744"}],"curies":[{"name":"wp","href":"https:\/\/api.w.org\/{rel}","templated":true}]}}