{"id":2725,"date":"2021-07-23T10:20:50","date_gmt":"2021-07-23T08:20:50","guid":{"rendered":"http:\/\/ecsevilla.org\/deportes\/?p=2725"},"modified":"2021-07-23T10:20:50","modified_gmt":"2021-07-23T08:20:50","slug":"apertura-de-la-temporada-2021-2022","status":"publish","type":"post","link":"http:\/\/ecsevilla.org\/deportes\/apertura-de-la-temporada-2021-2022\/","title":{"rendered":"Apertura de la Temporada 2021-2022"},"content":{"rendered":"<p style=\"text-align: justify;\"><a href=\"http:\/\/ecsevilla.org\/deportes\/wp-content\/uploads\/2018\/10\/barra-ecs-1.jpg\"><img loading=\"lazy\" decoding=\"async\" class=\"aligncenter size-full wp-image-2093\" src=\"http:\/\/ecsevilla.org\/deportes\/wp-content\/uploads\/2018\/10\/barra-ecs-1.jpg\" alt=\"barra ecs\" width=\"901\" height=\"29\" srcset=\"http:\/\/ecsevilla.org\/deportes\/wp-content\/uploads\/2018\/10\/barra-ecs-1.jpg 901w, http:\/\/ecsevilla.org\/deportes\/wp-content\/uploads\/2018\/10\/barra-ecs-1-300x10.jpg 300w, http:\/\/ecsevilla.org\/deportes\/wp-content\/uploads\/2018\/10\/barra-ecs-1-768x25.jpg 768w\" sizes=\"auto, (max-width: 901px) 100vw, 901px\" \/><\/a><\/p>\n<p>&nbsp;<\/p>\n<p style=\"text-align: justify;\"><span style=\"font-family: arial, helvetica, sans-serif; font-size: 14pt;\"><a href=\"http:\/\/ecsevilla.org\/deportes\/wp-content\/uploads\/2021\/07\/2122.jpg\"><img loading=\"lazy\" decoding=\"async\" class=\"alignright size-thumbnail wp-image-2729\" src=\"http:\/\/ecsevilla.org\/deportes\/wp-content\/uploads\/2021\/07\/2122-150x150.jpg\" alt=\"\" width=\"150\" height=\"150\" srcset=\"http:\/\/ecsevilla.org\/deportes\/wp-content\/uploads\/2021\/07\/2122-150x150.jpg 150w, http:\/\/ecsevilla.org\/deportes\/wp-content\/uploads\/2021\/07\/2122-144x144.jpg 144w\" sizes=\"auto, (max-width: 150px) 100vw, 150px\" \/><\/a>Tras la finalizaci\u00f3n de la trig\u00e9sima edici\u00f3n de los Juegos Deportivos Escolares, celebrada en una situaci\u00f3n bastante at\u00edpica pero con un \u00e9xito muy notable en su desarrollo, el Departamento de Deporte Escolar y Valores se encuentra ya trabajando en la competici\u00f3n que os ofreceremos durante la temporada 2021-2022.<\/span><\/p>\n<p style=\"text-align: justify;\"><span style=\"font-family: arial, helvetica, sans-serif; font-size: 14pt;\">Hemos tenido la alegr\u00eda de comprobar durante la pasada campa\u00f1a que el deporte escolar no ha mostrado \u00edndices de transmisi\u00f3n del Covid-19, y que las medidas tomadas en nuestros protocolos han permitido disfrutar de los Juegos Deportivos Escolares con una cierta normalidad, proyectando y potenciando el excepcional trabajo desarrollado en los centros escolares en favor de promover la transmisi\u00f3n de valores positivos en nuestros alumnos por medio de sus actividades deportivas.<\/span><\/p>\n<p style=\"text-align: justify;\"><span style=\"font-family: arial, helvetica, sans-serif; font-size: 14pt;\">Todo ello, sumado al alto porcentaje de poblaci\u00f3n vacunada, supone que contemplemos el pr\u00f3ximo a\u00f1o como una competici\u00f3n muy parecida en participaci\u00f3n a la temporada 2019-2020.<\/span><\/p>\n<p style=\"text-align: justify;\"><span style=\"font-family: arial, helvetica, sans-serif; font-size: 14pt;\">Es por ello que, desde Escuelas Cat\u00f3licas Sevilla, abordamos la pr\u00f3xima temporada como un a\u00f1o extraordinariamente ilusionante, con todas nuestras miras fijadas en volver a disfrutar del deporte en nuestros centros educativos y recuperar aquellos que no pudieron hacerlo la pasada campa\u00f1a.<\/span><\/p>\n<p style=\"text-align: justify;\"><span style=\"font-family: arial, helvetica, sans-serif; font-size: 14pt;\">En los pr\u00f3ximos d\u00edas convocaremos los cursos de formaci\u00f3n arbitral de cada uno de los deportes ofertados, colectivo indispensable para la disputa de cualquier competici\u00f3n, y que cobra a\u00fan mayor relevancia en un proyecto que vincula inseparablemente deporte y valores, como hace referencia el nombre de nuestro departamento.\u00a0<\/span><\/p>\n<p style=\"text-align: justify;\"><span style=\"font-family: arial, helvetica, sans-serif; font-size: 14pt;\">Como viene siendo habitual, lanzaremos la convocatoria a los centros escolares en el mes de septiembre, en la que adjuntaremos las Normativa General de Competici\u00f3n y el Protocolo de Medidas de Prevenci\u00f3n y Protecci\u00f3n Anti-COVID-19, aunque os podemos adelantar que el periodo de inscripci\u00f3n de equipos comprender\u00e1 desde el lunes 27 de septiembre al domingo 17 de octubre, teniendo prevista la disputa de la primera jornada de competici\u00f3n <\/span><span style=\"font-family: arial, helvetica, sans-serif; font-size: 14pt;\">del mi\u00e9rcoles 3 al s\u00e1bado 6 de noviembre.<\/span><\/p>\n<p style=\"text-align: justify;\"><span style=\"font-family: arial, helvetica, sans-serif; font-size: 14pt;\">Deseando poder contar con vosotros en esta nueva edici\u00f3n de los Juegos Deportivos Escolares, os trasladamos todo nuestro afecto e ilusi\u00f3n por volver a veros.<\/span><\/p>\n<p>&nbsp;<\/p>\n<p><a href=\"http:\/\/ecsevilla.org\/deportes\/wp-content\/uploads\/2018\/10\/barra-ecs-1.jpg\"><img loading=\"lazy\" decoding=\"async\" class=\"aligncenter size-full wp-image-2093\" src=\"http:\/\/ecsevilla.org\/deportes\/wp-content\/uploads\/2018\/10\/barra-ecs-1.jpg\" alt=\"barra ecs\" width=\"901\" height=\"29\" srcset=\"http:\/\/ecsevilla.org\/deportes\/wp-content\/uploads\/2018\/10\/barra-ecs-1.jpg 901w, http:\/\/ecsevilla.org\/deportes\/wp-content\/uploads\/2018\/10\/barra-ecs-1-300x10.jpg 300w, http:\/\/ecsevilla.org\/deportes\/wp-content\/uploads\/2018\/10\/barra-ecs-1-768x25.jpg 768w\" sizes=\"auto, (max-width: 901px) 100vw, 901px\" \/><\/a><\/p>\n","protected":false},"excerpt":{"rendered":"<p>&nbsp; Tras la finalizaci\u00f3n de la trig\u00e9sima edici\u00f3n de los Juegos Deportivos Escolares, celebrada en una situaci\u00f3n bastante at\u00edpica pero con un \u00e9xito muy notable en su desarrollo, el Departamento&hellip; <\/p>\n","protected":false},"author":214,"featured_media":2729,"comment_status":"closed","ping_status":"open","sticky":false,"template":"","format":"standard","meta":{"footnotes":""},"categories":[10],"tags":[28],"class_list":["post-2725","post","type-post","status-publish","format-standard","has-post-thumbnail","hentry","category-noticias","tag-temporada-2021-2022"],"_links":{"self":[{"href":"http:\/\/ecsevilla.org\/deportes\/wp-json\/wp\/v2\/posts\/2725","targetHints":{"allow":["GET"]}}],"collection":[{"href":"http:\/\/ecsevilla.org\/deportes\/wp-json\/wp\/v2\/posts"}],"about":[{"href":"http:\/\/ecsevilla.org\/deportes\/wp-json\/wp\/v2\/types\/post"}],"author":[{"embeddable":true,"href":"http:\/\/ecsevilla.org\/deportes\/wp-json\/wp\/v2\/users\/214"}],"replies":[{"embeddable":true,"href":"http:\/\/ecsevilla.org\/deportes\/wp-json\/wp\/v2\/comments?post=2725"}],"version-history":[{"count":4,"href":"http:\/\/ecsevilla.org\/deportes\/wp-json\/wp\/v2\/posts\/2725\/revisions"}],"predecessor-version":[{"id":2730,"href":"http:\/\/ecsevilla.org\/deportes\/wp-json\/wp\/v2\/posts\/2725\/revisions\/2730"}],"wp:featuredmedia":[{"embeddable":true,"href":"http:\/\/ecsevilla.org\/deportes\/wp-json\/wp\/v2\/media\/2729"}],"wp:attachment":[{"href":"http:\/\/ecsevilla.org\/deportes\/wp-json\/wp\/v2\/media?parent=2725"}],"wp:term":[{"taxonomy":"category","embeddable":true,"href":"http:\/\/ecsevilla.org\/deportes\/wp-json\/wp\/v2\/categories?post=2725"},{"taxonomy":"post_tag","embeddable":true,"href":"http:\/\/ecsevilla.org\/deportes\/wp-json\/wp\/v2\/tags?post=2725"}],"curies":[{"name":"wp","href":"https:\/\/api.w.org\/{rel}","templated":true}]}}