{"id":2711,"date":"2021-07-08T09:42:43","date_gmt":"2021-07-08T07:42:43","guid":{"rendered":"http:\/\/ecsevilla.org\/deportes\/?p=2711"},"modified":"2021-07-08T09:42:43","modified_gmt":"2021-07-08T07:42:43","slug":"memoria-deportiva-2020-2021","status":"publish","type":"post","link":"http:\/\/ecsevilla.org\/deportes\/memoria-deportiva-2020-2021\/","title":{"rendered":"Memoria Deportiva 2020-2021"},"content":{"rendered":"<p style=\"text-align: justify;\"><span style=\"font-family: arial, helvetica, sans-serif; font-size: 14pt;\"><a href=\"http:\/\/ecsevilla.org\/deportes\/wp-content\/uploads\/2021\/07\/00.jpg\"><img loading=\"lazy\" decoding=\"async\" class=\"alignright wp-image-2712 size-medium\" src=\"http:\/\/ecsevilla.org\/deportes\/wp-content\/uploads\/2021\/07\/00-212x300.jpg\" alt=\"\" width=\"212\" height=\"300\" srcset=\"http:\/\/ecsevilla.org\/deportes\/wp-content\/uploads\/2021\/07\/00-212x300.jpg 212w, http:\/\/ecsevilla.org\/deportes\/wp-content\/uploads\/2021\/07\/00.jpg 620w\" sizes=\"auto, (max-width: 212px) 100vw, 212px\" \/><\/a>Una vez finalizada la temporada, les ofrecemos la memoria deportiva de la temporada 2020-2021, que recoge los datos estad\u00edsticos de participaci\u00f3n por centros y por deportes, junto con la totalidad de las clasificaciones y cuadros de competici\u00f3n de las distintas fases. Lamentablemente, la crisis sanitaria provocada por el COVID19 impidi\u00f3 el inicio de la competici\u00f3n en el tradicional mes de noviembre y fue aplazado hasta marzo. Por el mismo motivo, fueron suspendidos los Juegos Nacionales Escolares y los Juegos Internacionales FISEC.<\/span><\/p>\n<p style=\"text-align: justify;\"><span style=\"font-family: arial, helvetica, sans-serif; font-size: 14pt;\">Para descargar el archivo solo tienen que pinchar en el siguiente enlace:<\/span><\/p>\n<p style=\"text-align: justify;\"><span style=\"font-family: arial, helvetica, sans-serif; font-size: 14pt;\"><a href=\"http:\/\/www.ecsevilla.org\/documentacion_deportes\/archivo\/memoria2020-21.pdf\" target=\"_blank\" rel=\"noopener noreferrer\">Memoria Deportiva 2020-2021<\/a><\/span><\/p>\n<p style=\"text-align: justify;\"><span style=\"font-family: arial, helvetica, sans-serif; font-size: 14pt;\">Esperamos que el documento sea de su agrado y podamos contar con su participaci\u00f3n en la pr\u00f3xima temporada.<\/span><\/p>\n","protected":false},"excerpt":{"rendered":"<p>Una vez finalizada la temporada, les ofrecemos la memoria deportiva de la temporada 2020-2021, que recoge los datos estad\u00edsticos de participaci\u00f3n por centros y por deportes, junto con la totalidad&hellip; <\/p>\n","protected":false},"author":214,"featured_media":2713,"comment_status":"closed","ping_status":"open","sticky":false,"template":"","format":"standard","meta":{"footnotes":""},"categories":[13],"tags":[27],"class_list":["post-2711","post","type-post","status-publish","format-standard","has-post-thumbnail","hentry","category-documentacion","tag-memoria-deportiva"],"_links":{"self":[{"href":"http:\/\/ecsevilla.org\/deportes\/wp-json\/wp\/v2\/posts\/2711","targetHints":{"allow":["GET"]}}],"collection":[{"href":"http:\/\/ecsevilla.org\/deportes\/wp-json\/wp\/v2\/posts"}],"about":[{"href":"http:\/\/ecsevilla.org\/deportes\/wp-json\/wp\/v2\/types\/post"}],"author":[{"embeddable":true,"href":"http:\/\/ecsevilla.org\/deportes\/wp-json\/wp\/v2\/users\/214"}],"replies":[{"embeddable":true,"href":"http:\/\/ecsevilla.org\/deportes\/wp-json\/wp\/v2\/comments?post=2711"}],"version-history":[{"count":1,"href":"http:\/\/ecsevilla.org\/deportes\/wp-json\/wp\/v2\/posts\/2711\/revisions"}],"predecessor-version":[{"id":2714,"href":"http:\/\/ecsevilla.org\/deportes\/wp-json\/wp\/v2\/posts\/2711\/revisions\/2714"}],"wp:featuredmedia":[{"embeddable":true,"href":"http:\/\/ecsevilla.org\/deportes\/wp-json\/wp\/v2\/media\/2713"}],"wp:attachment":[{"href":"http:\/\/ecsevilla.org\/deportes\/wp-json\/wp\/v2\/media?parent=2711"}],"wp:term":[{"taxonomy":"category","embeddable":true,"href":"http:\/\/ecsevilla.org\/deportes\/wp-json\/wp\/v2\/categories?post=2711"},{"taxonomy":"post_tag","embeddable":true,"href":"http:\/\/ecsevilla.org\/deportes\/wp-json\/wp\/v2\/tags?post=2711"}],"curies":[{"name":"wp","href":"https:\/\/api.w.org\/{rel}","templated":true}]}}