{"id":2655,"date":"2021-01-27T21:11:15","date_gmt":"2021-01-27T20:11:15","guid":{"rendered":"http:\/\/ecsevilla.org\/deportes\/?p=2655"},"modified":"2021-01-27T21:11:15","modified_gmt":"2021-01-27T20:11:15","slug":"los-xxx-juegos-deportivos-escolares-aplazan-su-inicio-hasta-el-3-de-marzo","status":"publish","type":"post","link":"http:\/\/ecsevilla.org\/deportes\/los-xxx-juegos-deportivos-escolares-aplazan-su-inicio-hasta-el-3-de-marzo\/","title":{"rendered":"Los XXX Juegos Deportivos Escolares aplazan su inicio hasta el 3 de marzo"},"content":{"rendered":"<p><a href=\"http:\/\/ecsevilla.org\/deportes\/wp-content\/uploads\/2018\/10\/barra-ecs-1.jpg\"><img loading=\"lazy\" decoding=\"async\" class=\"aligncenter size-full wp-image-2093\" src=\"http:\/\/ecsevilla.org\/deportes\/wp-content\/uploads\/2018\/10\/barra-ecs-1.jpg\" alt=\"barra ecs\" width=\"901\" height=\"29\" srcset=\"http:\/\/ecsevilla.org\/deportes\/wp-content\/uploads\/2018\/10\/barra-ecs-1.jpg 901w, http:\/\/ecsevilla.org\/deportes\/wp-content\/uploads\/2018\/10\/barra-ecs-1-300x10.jpg 300w, http:\/\/ecsevilla.org\/deportes\/wp-content\/uploads\/2018\/10\/barra-ecs-1-768x25.jpg 768w\" sizes=\"auto, (max-width: 901px) 100vw, 901px\" \/><\/a><\/p>\n<p>&nbsp;<\/p>\n<p style=\"text-align: justify;\"><span style=\"font-family: arial, helvetica, sans-serif; font-size: 14pt;\"><a href=\"http:\/\/ecsevilla.org\/deportes\/wp-content\/uploads\/2021\/01\/1584017103_987878_1584017281_noticia_normal.jpg\"><img loading=\"lazy\" decoding=\"async\" class=\"alignright size-thumbnail wp-image-2656\" src=\"http:\/\/ecsevilla.org\/deportes\/wp-content\/uploads\/2021\/01\/1584017103_987878_1584017281_noticia_normal-150x150.jpg\" alt=\"\" width=\"150\" height=\"150\" srcset=\"http:\/\/ecsevilla.org\/deportes\/wp-content\/uploads\/2021\/01\/1584017103_987878_1584017281_noticia_normal-150x150.jpg 150w, http:\/\/ecsevilla.org\/deportes\/wp-content\/uploads\/2021\/01\/1584017103_987878_1584017281_noticia_normal-144x144.jpg 144w\" sizes=\"auto, (max-width: 150px) 100vw, 150px\" \/><\/a>Ante la situaci\u00f3n actual, generada por la pandemia, con incremento de contagios y las nuevas medidas y restricciones impuestas seg\u00fan los niveles de alerta sanitaria en los distintos municipios, el Comit\u00e9 Organizador de los Juegos Deportivos Escolares ha decidido aplazar el inicio de los mismos.<\/span><\/p>\n<p style=\"text-align: justify;\"><span style=\"font-family: arial, helvetica, sans-serif; font-size: 14pt;\">Aunque el entorno escolar ha demostrado ser de los mas seguros y aunque el deporte ha registrado niveles muy bajos de transmisi\u00f3n, es cierto que la situaci\u00f3n actual est\u00e1 generando dudas tanto en algunos Centros como en familias que ten\u00edan pensado inscribir a sus hijos para participar en los Juegos.<\/span><\/p>\n<p style=\"text-align: justify;\"><span style=\"font-family: arial, helvetica, sans-serif; font-size: 14pt;\">A\u00fan contando con un protocolo anticovid muy restrictivo; (uso obligatorio de mascarillas, encuentros sin p\u00fablico, cierre de vestuarios y duchas, protocolo en el cambio de banquillos&#8230;) consideramos que el escenario actual requiere de nuestra colaboraci\u00f3n para intentar revertir la situaci\u00f3n y que podamos comenzar con mayores garant\u00edas. Por ello, hemos considerado que esta decisi\u00f3n es la m\u00e1s adecuada, atendiendo a la situaci\u00f3n actual y a la demanda de los Centros y sus familias.<\/span><\/p>\n<p style=\"text-align: justify;\"><span style=\"font-family: arial, helvetica, sans-serif; font-size: 14pt;\">De este modo, el periodo de inscripci\u00f3n queda ampliado hasta el pr\u00f3ximo 19 de febrero. El proceso de tramitaci\u00f3n de licencias quedar\u00e1 abierto hasta el 2 de marzo de 2021 y la fecha prevista de inicio de la competici\u00f3n ser\u00e1 el 3 de marzo de 2021.\u00a0<\/span><\/p>\n<p style=\"text-align: justify;\"><span style=\"font-family: arial, helvetica, sans-serif; font-size: 14pt;\">No ser\u00e1 necesario modificar los sistemas de competici\u00f3n planificados. Simplemente reajustaremos las dos jornadas del mes de febrero en semanas que mantuvimos inh\u00e1biles para recuperaci\u00f3n en caso de tener que ajustar escenarios. As\u00ed quedar\u00eda el calendario de jornadas programadas:<\/span><\/p>\n<p style=\"text-align: justify;\">\n<table>\n<tbody>\n<tr>\n<td width=\"102\"><span style=\"font-family: arial, helvetica, sans-serif; font-size: 14pt;\">Fecha 01<\/span><\/td>\n<td width=\"236\"><span style=\"font-family: arial, helvetica, sans-serif; font-size: 14pt;\">Del 3 al 6 de marzo<\/span><\/td>\n<\/tr>\n<tr>\n<td width=\"102\"><span style=\"font-family: arial, helvetica, sans-serif; font-size: 14pt;\">Fecha 02<\/span><\/td>\n<td width=\"236\"><span style=\"font-family: arial, helvetica, sans-serif; font-size: 14pt;\">Del 10 al 13 de marzo<\/span><\/td>\n<\/tr>\n<tr>\n<td width=\"102\"><span style=\"font-family: arial, helvetica, sans-serif; font-size: 14pt;\">Fecha 03<\/span><\/td>\n<td width=\"236\"><span style=\"font-family: arial, helvetica, sans-serif; font-size: 14pt;\">Del 17 de 20 de marzo<\/span><\/td>\n<\/tr>\n<tr>\n<td width=\"102\"><span style=\"font-family: arial, helvetica, sans-serif; font-size: 14pt;\">Fecha 04<\/span><\/td>\n<td width=\"236\"><span style=\"font-family: arial, helvetica, sans-serif; font-size: 14pt;\">Del 24 al 27 de marzo<\/span><\/td>\n<\/tr>\n<tr>\n<td width=\"102\"><span style=\"font-family: arial, helvetica, sans-serif; font-size: 14pt;\">Fecha 05<\/span><\/td>\n<td width=\"236\"><span style=\"font-family: arial, helvetica, sans-serif; font-size: 14pt;\">Del 7 al 10 de abril<\/span><\/td>\n<\/tr>\n<tr>\n<td width=\"102\"><span style=\"font-family: arial, helvetica, sans-serif; font-size: 14pt;\">Fecha 06<\/span><\/td>\n<td width=\"236\"><span style=\"font-family: arial, helvetica, sans-serif; font-size: 14pt;\">Del 14 al 17 de abril<\/span><\/td>\n<\/tr>\n<tr>\n<td width=\"102\"><span style=\"font-family: arial, helvetica, sans-serif; font-size: 14pt;\">Fecha 07<\/span><\/td>\n<td width=\"236\"><span style=\"font-family: arial, helvetica, sans-serif; font-size: 14pt;\">Del 21 al 24 de abril<\/span><\/td>\n<\/tr>\n<tr>\n<td width=\"102\"><span style=\"font-family: arial, helvetica, sans-serif; font-size: 14pt;\">Fecha 08<\/span><\/td>\n<td width=\"236\"><span style=\"font-family: arial, helvetica, sans-serif; font-size: 14pt;\">Del 5 al 8 de mayo<\/span><\/td>\n<\/tr>\n<tr>\n<td width=\"102\"><span style=\"font-family: arial, helvetica, sans-serif; font-size: 14pt;\">Fecha 09<\/span><\/td>\n<td width=\"236\"><span style=\"font-family: arial, helvetica, sans-serif; font-size: 14pt;\">Del 12 al 15 de mayo<\/span><\/td>\n<\/tr>\n<tr>\n<td width=\"102\"><span style=\"font-family: arial, helvetica, sans-serif; font-size: 14pt;\">Fecha 10<\/span><\/td>\n<td width=\"236\"><span style=\"font-family: arial, helvetica, sans-serif; font-size: 14pt;\">Del 19 al 22 de mayo<\/span><\/td>\n<\/tr>\n<tr>\n<td width=\"102\"><span style=\"font-family: arial, helvetica, sans-serif; font-size: 14pt;\">Fecha 11<\/span><\/td>\n<td width=\"236\"><span style=\"font-family: arial, helvetica, sans-serif; font-size: 14pt;\">Del 26 al 29 de mayo<\/span><\/td>\n<\/tr>\n<tr>\n<td width=\"102\"><span style=\"font-family: arial, helvetica, sans-serif; font-size: 14pt;\">Fecha 12<\/span><\/td>\n<td width=\"236\"><span style=\"font-family: arial, helvetica, sans-serif; font-size: 14pt;\">Del 2 al 5 de junio<\/span><\/td>\n<\/tr>\n<\/tbody>\n<\/table>\n<p style=\"text-align: justify;\">\n<p style=\"text-align: justify;\"><span style=\"font-family: arial, helvetica, sans-serif; font-size: 14pt;\">Creemos que en estos momentos es mejor ser prudentes. Llevamos tiempo esperando pero nos toca seguir siendo pacientes para poder disfrutar del arranque sobre un mejor escenario. Estamos convencidos\u00a0 que los 75 equipos de los 6 Centros inscritos hasta la fecha, comprenden y apoyan la decisi\u00f3n tomada, algo que agradecemos de antemano. Gracias por vuestra respuesta.<\/span><\/p>\n<p style=\"text-align: justify;\"><span style=\"font-family: arial, helvetica, sans-serif; font-size: 14pt;\">Igualmente, esperamos que en el transcurso de este plazo de ampliaci\u00f3n la situaci\u00f3n mejore y contribuya a que aquellos centros que se planteaban la posibilidad de participar cuenten con algo m\u00e1s tiempo para solventar sus dudas.<\/span><\/p>\n<p>&nbsp;<\/p>\n<p><a href=\"http:\/\/ecsevilla.org\/deportes\/wp-content\/uploads\/2018\/10\/barra-ecs-1.jpg\"><img loading=\"lazy\" decoding=\"async\" class=\"aligncenter size-full wp-image-2093\" src=\"http:\/\/ecsevilla.org\/deportes\/wp-content\/uploads\/2018\/10\/barra-ecs-1.jpg\" alt=\"barra ecs\" width=\"901\" height=\"29\" srcset=\"http:\/\/ecsevilla.org\/deportes\/wp-content\/uploads\/2018\/10\/barra-ecs-1.jpg 901w, http:\/\/ecsevilla.org\/deportes\/wp-content\/uploads\/2018\/10\/barra-ecs-1-300x10.jpg 300w, http:\/\/ecsevilla.org\/deportes\/wp-content\/uploads\/2018\/10\/barra-ecs-1-768x25.jpg 768w\" sizes=\"auto, (max-width: 901px) 100vw, 901px\" \/><\/a><\/p>\n","protected":false},"excerpt":{"rendered":"<p>&nbsp; Ante la situaci\u00f3n actual, generada por la pandemia, con incremento de contagios y las nuevas medidas y restricciones impuestas seg\u00fan los niveles de alerta sanitaria en los distintos municipios,&hellip; <\/p>\n","protected":false},"author":214,"featured_media":2656,"comment_status":"closed","ping_status":"open","sticky":false,"template":"","format":"standard","meta":{"footnotes":""},"categories":[10],"tags":[],"class_list":["post-2655","post","type-post","status-publish","format-standard","has-post-thumbnail","hentry","category-noticias"],"_links":{"self":[{"href":"http:\/\/ecsevilla.org\/deportes\/wp-json\/wp\/v2\/posts\/2655","targetHints":{"allow":["GET"]}}],"collection":[{"href":"http:\/\/ecsevilla.org\/deportes\/wp-json\/wp\/v2\/posts"}],"about":[{"href":"http:\/\/ecsevilla.org\/deportes\/wp-json\/wp\/v2\/types\/post"}],"author":[{"embeddable":true,"href":"http:\/\/ecsevilla.org\/deportes\/wp-json\/wp\/v2\/users\/214"}],"replies":[{"embeddable":true,"href":"http:\/\/ecsevilla.org\/deportes\/wp-json\/wp\/v2\/comments?post=2655"}],"version-history":[{"count":1,"href":"http:\/\/ecsevilla.org\/deportes\/wp-json\/wp\/v2\/posts\/2655\/revisions"}],"predecessor-version":[{"id":2657,"href":"http:\/\/ecsevilla.org\/deportes\/wp-json\/wp\/v2\/posts\/2655\/revisions\/2657"}],"wp:featuredmedia":[{"embeddable":true,"href":"http:\/\/ecsevilla.org\/deportes\/wp-json\/wp\/v2\/media\/2656"}],"wp:attachment":[{"href":"http:\/\/ecsevilla.org\/deportes\/wp-json\/wp\/v2\/media?parent=2655"}],"wp:term":[{"taxonomy":"category","embeddable":true,"href":"http:\/\/ecsevilla.org\/deportes\/wp-json\/wp\/v2\/categories?post=2655"},{"taxonomy":"post_tag","embeddable":true,"href":"http:\/\/ecsevilla.org\/deportes\/wp-json\/wp\/v2\/tags?post=2655"}],"curies":[{"name":"wp","href":"https:\/\/api.w.org\/{rel}","templated":true}]}}