{"id":2630,"date":"2020-12-28T12:05:40","date_gmt":"2020-12-28T11:05:40","guid":{"rendered":"http:\/\/ecsevilla.org\/deportes\/?p=2630"},"modified":"2020-12-28T12:36:49","modified_gmt":"2020-12-28T11:36:49","slug":"convocatoria-xxx-juegos-deportivos-escolares","status":"publish","type":"post","link":"http:\/\/ecsevilla.org\/deportes\/convocatoria-xxx-juegos-deportivos-escolares\/","title":{"rendered":"Convocatoria XXX Juegos Deportivos Escolares"},"content":{"rendered":"<p><a href=\"http:\/\/ecsevilla.org\/deportes\/wp-content\/uploads\/2018\/10\/barra-ecs-1.jpg\"><img loading=\"lazy\" decoding=\"async\" class=\"aligncenter size-full wp-image-2093\" src=\"http:\/\/ecsevilla.org\/deportes\/wp-content\/uploads\/2018\/10\/barra-ecs-1.jpg\" alt=\"barra ecs\" width=\"901\" height=\"29\" srcset=\"http:\/\/ecsevilla.org\/deportes\/wp-content\/uploads\/2018\/10\/barra-ecs-1.jpg 901w, http:\/\/ecsevilla.org\/deportes\/wp-content\/uploads\/2018\/10\/barra-ecs-1-300x10.jpg 300w, http:\/\/ecsevilla.org\/deportes\/wp-content\/uploads\/2018\/10\/barra-ecs-1-768x25.jpg 768w\" sizes=\"auto, (max-width: 901px) 100vw, 901px\" \/><\/a><\/p>\n<p>&nbsp;<\/p>\n<p style=\"text-align: justify;\"><span style=\"font-family: arial, helvetica, sans-serif; font-size: 14pt;\">Nos alegra comunicar que el Departamento de Deporte Escolar y Valores convoca, un a\u00f1o m\u00e1s, uno de los <\/span><span style=\"font-family: arial, helvetica, sans-serif; font-size: 14pt;\">programas insignias de Escuelas Cat\u00f3licas Sevilla: nuestros Juegos Deportivos Escolares, <\/span><span style=\"font-family: arial, helvetica, sans-serif; font-size: 14pt;\">que esta temporada cumplen su trig\u00e9sima edici\u00f3n.<\/span><\/p>\n<p style=\"text-align: justify;\"><span style=\"font-family: arial, helvetica, sans-serif; font-size: 14pt;\">Obedeciendo a la informaci\u00f3n que os adelantamos en la circular remitida en el <\/span><span style=\"font-family: arial, helvetica, sans-serif; font-size: 14pt;\">mes de octubre es nuestra intenci\u00f3n que la competici\u00f3n se ponga en marcha durante el <\/span><span style=\"font-family: arial, helvetica, sans-serif; font-size: 14pt;\">segundo trimestre, siempre que la situaci\u00f3n y las circunstancias lo permitan.<\/span><\/p>\n<p style=\"text-align: justify;\"><span style=\"font-family: arial, helvetica, sans-serif; font-size: 14pt;\">En la fecha en la que nos encontramos y en la que se remite esta convocatoria, <\/span><span style=\"font-family: arial, helvetica, sans-serif; font-size: 14pt;\">el estado de alerta decretado por la Junta de Andaluc\u00eda se encuentra en nivel 2, <\/span><span style=\"font-family: arial, helvetica, sans-serif; font-size: 14pt;\">ofreciendo viabilidad a que el deporte no federado pueda celebrarse cumpliendo con <\/span><span style=\"font-family: arial, helvetica, sans-serif; font-size: 14pt;\">los requerimientos, contenidos en nuestro \u201cProtocolo de Medidas de Prevenci\u00f3n y <\/span><span style=\"font-family: arial, helvetica, sans-serif; font-size: 14pt;\">Protecci\u00f3n Anti-COVID-19\u201d.<\/span><\/p>\n<p style=\"text-align: justify;\"><span style=\"font-family: arial, helvetica, sans-serif; font-size: 14pt;\">De manera general, el deporte ha demostrado en estos meses que se encuentra <\/span><span style=\"font-family: arial, helvetica, sans-serif; font-size: 14pt;\">en niveles \u00ednfimos de transmisi\u00f3n, por lo que desde el Departamento de Deporte Escolar <\/span><span style=\"font-family: arial, helvetica, sans-serif; font-size: 14pt;\">y Valores de Escuelas Cat\u00f3licas Sevilla estimamos que es indispensable seguir ofreciendo <\/span><span style=\"font-family: arial, helvetica, sans-serif; font-size: 14pt;\">el programa principal que desarrollamos, los Juegos Deportivos Escolares, con el \u00e1nimo <\/span><span style=\"font-family: arial, helvetica, sans-serif; font-size: 14pt;\">de proyectar y potenciar el encomiable trabajo que desarrollan los centros escolares en <\/span><span style=\"font-family: arial, helvetica, sans-serif; font-size: 14pt;\">favor de promover la transmisi\u00f3n de valores positivos en nuestros alumnos por medio <\/span><span style=\"font-family: arial, helvetica, sans-serif; font-size: 14pt;\">de sus actividades deportivas.<\/span><\/p>\n<p style=\"text-align: justify;\"><span style=\"font-family: arial, helvetica, sans-serif; font-size: 14pt;\">Esta competici\u00f3n multideportiva promueve, no solo la eliminaci\u00f3n de <\/span><span style=\"font-family: arial, helvetica, sans-serif; font-size: 14pt;\">determinados h\u00e1bitos de comportamiento como el sedentarismo, el elevado consumo <\/span><span style=\"font-family: arial, helvetica, sans-serif; font-size: 14pt;\">de televisi\u00f3n y videojuegos o el consumo de sustancias como alcohol o tabaco, sino que <\/span><span style=\"font-family: arial, helvetica, sans-serif; font-size: 14pt;\">el trabajo que se implementa en ella favorece el desarrollo en la educaci\u00f3n integral de <\/span><span style=\"font-family: arial, helvetica, sans-serif; font-size: 14pt;\">la persona a trav\u00e9s del deporte.<\/span><\/p>\n<p style=\"text-align: justify;\"><span style=\"font-family: arial, helvetica, sans-serif; font-size: 14pt;\">Este a\u00f1o supone un esfuerzo adicional por todas las circunstancias a las que nos <\/span><span style=\"font-family: arial, helvetica, sans-serif; font-size: 14pt;\">estamos sobreponiendo, pero hemos comprobado que los Centros se han adaptado al <\/span><span style=\"font-family: arial, helvetica, sans-serif; font-size: 14pt;\">inicio del curso y que los participantes y la Organizaci\u00f3n contamos con las medidas <\/span><span style=\"font-family: arial, helvetica, sans-serif; font-size: 14pt;\">oportunas para afrontar esta particular temporada deportiva. Por todo ello nos <\/span><span style=\"font-family: arial, helvetica, sans-serif; font-size: 14pt;\">complace lanzar la convocatoria de los XXX Juegos Deportivos Escolares.<\/span><\/p>\n<p><span style=\"font-family: arial, helvetica, sans-serif; font-size: 14pt;\">Se ofertan las siguientes modalidades deportivas y categor\u00edas:<\/span><\/p>\n<p><a href=\"http:\/\/ecsevilla.org\/deportes\/wp-content\/uploads\/2020\/12\/deportes-y-cateogorias.jpg\"><img loading=\"lazy\" decoding=\"async\" class=\"aligncenter wp-image-2631 size-full\" src=\"http:\/\/ecsevilla.org\/deportes\/wp-content\/uploads\/2020\/12\/deportes-y-cateogorias.jpg\" alt=\"\" width=\"607\" height=\"162\" srcset=\"http:\/\/ecsevilla.org\/deportes\/wp-content\/uploads\/2020\/12\/deportes-y-cateogorias.jpg 607w, http:\/\/ecsevilla.org\/deportes\/wp-content\/uploads\/2020\/12\/deportes-y-cateogorias-300x80.jpg 300w\" sizes=\"auto, (max-width: 607px) 100vw, 607px\" \/><\/a><\/p>\n<p><span style=\"font-family: arial, helvetica, sans-serif; font-size: 14pt;\">Las distintas categor\u00edas se distribuyen tal y como se refleja a continuaci\u00f3n:<\/span><\/p>\n<p><a href=\"http:\/\/ecsevilla.org\/deportes\/wp-content\/uploads\/2020\/12\/cateogias-y-anos.jpg\"><img loading=\"lazy\" decoding=\"async\" class=\"aligncenter wp-image-2632 size-full\" src=\"http:\/\/ecsevilla.org\/deportes\/wp-content\/uploads\/2020\/12\/cateogias-y-anos.jpg\" alt=\"\" width=\"608\" height=\"214\" srcset=\"http:\/\/ecsevilla.org\/deportes\/wp-content\/uploads\/2020\/12\/cateogias-y-anos.jpg 608w, http:\/\/ecsevilla.org\/deportes\/wp-content\/uploads\/2020\/12\/cateogias-y-anos-300x106.jpg 300w\" sizes=\"auto, (max-width: 608px) 100vw, 608px\" \/><\/a><\/p>\n<p style=\"text-align: justify;\"><span style=\"font-family: arial, helvetica, sans-serif; font-size: 14pt;\">Somos conscientes que va a ser un a\u00f1o distinto en la relaci\u00f3n al volumen de <\/span><span style=\"font-family: arial, helvetica, sans-serif; font-size: 14pt;\">participaci\u00f3n, y que no se va a acercar a los registros de las \u00faltimas temporadas, pero el <\/span><span style=\"font-family: arial, helvetica, sans-serif; font-size: 14pt;\">proyecto que llevamos a cabo se sustenta en base al servicio que se presta, es decir, <\/span><span style=\"font-family: arial, helvetica, sans-serif; font-size: 14pt;\">ofreciendo una competici\u00f3n que prioriza los valores por encima de los resultados para <\/span><span style=\"font-family: arial, helvetica, sans-serif; font-size: 14pt;\">aquellos centros escolares que as\u00ed lo demanden.<\/span><\/p>\n<p style=\"text-align: justify;\"><span style=\"font-family: arial, helvetica, sans-serif; font-size: 14pt;\">Recordaros que los equipos inscritos en categor\u00eda juvenil para las distintas <\/span><span style=\"font-family: arial, helvetica, sans-serif; font-size: 14pt;\">modalidades deportivas pueden estar compuestos por antiguos alumnos del colegio y <\/span><span style=\"font-family: arial, helvetica, sans-serif; font-size: 14pt;\">que adem\u00e1s es la \u00fanica categor\u00eda que comprende hasta tres a\u00f1os de nacimiento. De este <\/span><span style=\"font-family: arial, helvetica, sans-serif; font-size: 14pt;\">modo intentamos abrir soluciones a los problemas en bachillerato, atendiendo vuestra <\/span><span style=\"font-family: arial, helvetica, sans-serif; font-size: 14pt;\">demanda sin infringir el esp\u00edritu de los Juegos.<\/span><\/p>\n<p style=\"text-align: justify;\"><span style=\"font-family: arial, helvetica, sans-serif; font-size: 14pt;\">En caso de estar interesados en participar en alguna otra modalidad deportiva <\/span><span style=\"font-family: arial, helvetica, sans-serif; font-size: 14pt;\">les agradecer\u00edamos nos lo comunicasen.<\/span><\/p>\n<p style=\"text-align: justify;\"><span style=\"font-family: arial, helvetica, sans-serif; font-size: 14pt;\">Podr\u00e1n tomar parte en esta competici\u00f3n todos los Centros que acepten la <\/span><span style=\"font-family: arial, helvetica, sans-serif; font-size: 14pt;\"><a href=\"http:\/\/www.ecsevilla.org\/documentacion_deportes\/normativas\/Normativa%20General%20De%20Competici%C3%B3n%202020-2021.pdf\" target=\"_blank\" rel=\"noopener\">Normativa General de Competici\u00f3n<\/a>, cumplan con los requisitos exigidos por la <\/span><span style=\"font-family: arial, helvetica, sans-serif; font-size: 14pt;\">Organizaci\u00f3n, siempre que se inscriban en los plazos correspondientes, dispongan de <\/span><span style=\"font-family: arial, helvetica, sans-serif; font-size: 14pt;\">seguro de Responsabilidad Civil y Accidentes de los participantes y abonen las <\/span><span style=\"font-family: arial, helvetica, sans-serif; font-size: 14pt;\">correspondientes cuotas de participaci\u00f3n.<\/span><\/p>\n<p style=\"text-align: justify;\"><span style=\"font-family: arial, helvetica, sans-serif; font-size: 14pt;\">Tal y como comunicamos en el momento de la suspensi\u00f3n de la temporada pasada, una <\/span><span style=\"font-family: arial, helvetica, sans-serif; font-size: 14pt;\">vez se realice la inscripci\u00f3n de equipos de un Centro se proceder\u00e1 incluir en su factura <\/span><span style=\"font-family: arial, helvetica, sans-serif; font-size: 14pt;\">la bonificaci\u00f3n correspondiente a la cantidad comunicada en aquel momento. <\/span><\/p>\n<p><strong><span style=\"font-family: arial, helvetica, sans-serif; font-size: 14pt;\">Inscripci\u00f3n de Equipos<\/span><\/strong><\/p>\n<p style=\"text-align: justify;\"><span style=\"font-family: arial, helvetica, sans-serif; font-size: 14pt;\">La fecha de inscripci\u00f3n de equipos ser\u00e1 del 11 al 28 de enero de 2021.<\/span><\/p>\n<p style=\"text-align: justify;\"><span style=\"font-family: arial, helvetica, sans-serif; font-size: 14pt;\">Para ello deber\u00e1n rellenar los datos solicitados en el <a href=\"http:\/\/ecsevilla.org\/documentacion_deportes\/oficiales\/Inscripcion%20Equipos.doc\" target=\"_blank\" rel=\"noopener\">impreso de inscripci\u00f3n<\/a> publicado <\/span><span style=\"font-family: arial, helvetica, sans-serif; font-size: 14pt;\">en la web de los Juegos. Un vez firmado y sellado por la Direcci\u00f3n <\/span><span style=\"font-family: arial, helvetica, sans-serif; font-size: 14pt;\">del Centro deber\u00e1n enviarlo escaneado a <a href=\"mailto:deportes@ecsevilla.org\" target=\"_blank\" rel=\"noopener\">deportes@ecsevilla.org<\/a><\/span><\/p>\n<p style=\"text-align: justify;\"><span style=\"font-family: arial, helvetica, sans-serif; font-size: 14pt;\">Tras realizar dicho env\u00edo:<\/span><\/p>\n<ul style=\"text-align: justify;\">\n<li><span style=\"font-family: arial, helvetica, sans-serif; font-size: 14pt;\">Los coordinadores de colegios inscritos la temporada pasada y que <\/span><span style=\"font-family: arial, helvetica, sans-serif; font-size: 14pt;\">estuvieron dados de alta en la plataforma podr\u00e1n formalizar la inscripci\u00f3n <\/span><span style=\"font-family: arial, helvetica, sans-serif; font-size: 14pt;\">de sus equipos accediendo a la misma. Les facilitamos el enlace: <\/span><a href=\"http:\/\/deporteescolar.es\" target=\"_blank\" rel=\"noopener\"><span style=\"font-family: arial, helvetica, sans-serif; font-size: 14pt;\">http:\/\/deporteescolar.es<\/span><\/a><\/li>\n<li><span style=\"font-family: arial, helvetica, sans-serif; font-size: 14pt;\">Aquellos colegios que no participaron la temporada pasada, as\u00ed como <\/span><span style=\"font-family: arial, helvetica, sans-serif; font-size: 14pt;\">aquellos colegios que hayan sustituido al coordinador de deportes activo <\/span><span style=\"font-family: arial, helvetica, sans-serif; font-size: 14pt;\">en la plataforma deber\u00e1n remitirnos un email a <\/span><span style=\"font-family: arial, helvetica, sans-serif; font-size: 14pt;\"><a href=\"mailto:coordinadordeportivo@ecsevilla.org\" target=\"_blank\" rel=\"noopener\">coordinadordeportivo@ecsevilla.org<\/a> comunic\u00e1ndonos los datos del <\/span><span style=\"font-family: arial, helvetica, sans-serif; font-size: 14pt;\">nuevo coordinador.<\/span><\/li>\n<\/ul>\n<p style=\"text-align: justify;\"><span style=\"font-family: arial, helvetica, sans-serif; font-size: 14pt;\">En cualquier caso y para considerar v\u00e1lida la inscripci\u00f3n de un equipo ser\u00e1 <\/span><span style=\"font-family: arial, helvetica, sans-serif; font-size: 14pt;\">necesario el pago de la correspondiente cuota, as\u00ed como solventar las deudas <\/span><span style=\"font-family: arial, helvetica, sans-serif; font-size: 14pt;\">pendientes en el caso que existieren. Una vez cumplidos dichos requisitos recibir\u00e1n la <\/span><span style=\"font-family: arial, helvetica, sans-serif; font-size: 14pt;\">confirmaci\u00f3n de dicha inscripci\u00f3n.<\/span><\/p>\n<p style=\"text-align: justify;\"><span style=\"font-family: arial, helvetica, sans-serif; font-size: 14pt;\">Para cualquier consulta pueden ponerse en contacto con nosotros en el siguiente <\/span><span style=\"font-family: arial, helvetica, sans-serif; font-size: 14pt;\">horario de atenci\u00f3n al p\u00fablico:<\/span><\/p>\n<ul>\n<li><span style=\"font-family: arial, helvetica, sans-serif; font-size: 14pt;\">Por correo electr\u00f3nico en cualquier momento<\/span><\/li>\n<li><span style=\"font-family: arial, helvetica, sans-serif; font-size: 14pt;\">Telef\u00f3nica de lunes a jueves de 9:00 a 13:00.<\/span><\/li>\n<li><span style=\"font-family: arial, helvetica, sans-serif; font-size: 14pt;\">Presencial con cita previa.<\/span><\/li>\n<\/ul>\n<p>&nbsp;<\/p>\n<p><strong><span style=\"font-family: arial, helvetica, sans-serif; font-size: 14pt;\">Inscripci\u00f3n de Jugadores:<\/span><\/strong><\/p>\n<p style=\"text-align: justify;\"><span style=\"font-family: arial, helvetica, sans-serif; font-size: 14pt;\">Una vez inscritos los equipos, podr\u00e1n acceder a inscribir los jugadores. Aquellos <\/span><span style=\"font-family: arial, helvetica, sans-serif; font-size: 14pt;\">jugadores inscritos con DNI la temporada pasada est\u00e1n cargados en la plataforma para <\/span><span style=\"font-family: arial, helvetica, sans-serif; font-size: 14pt;\">esta temporada y \u00fanicamente resta asignarles el equipo correspondiente. Los nuevos <\/span><span style=\"font-family: arial, helvetica, sans-serif; font-size: 14pt;\">jugadores o aquellos que fueron inscritos sin DNI el pasado curso deber\u00e1n ser inscritos <\/span><span style=\"font-family: arial, helvetica, sans-serif; font-size: 14pt;\">esta temporada.<\/span><\/p>\n<p>&nbsp;<\/p>\n<p><strong><span style=\"font-family: arial, helvetica, sans-serif; font-size: 14pt;\">Tramitaci\u00f3n de Licencias:<\/span><\/strong><\/p>\n<p style=\"text-align: justify;\"><span style=\"font-family: arial, helvetica, sans-serif; font-size: 14pt;\">Este a\u00f1o no ser\u00e1 necesaria la tramitaci\u00f3n de licencias de manera presencial en la <\/span><span style=\"font-family: arial, helvetica, sans-serif; font-size: 14pt;\">sede de Escuelas Cat\u00f3licas Sevilla. La presentaci\u00f3n de las licencias en los partidos ser\u00e1 <\/span><span style=\"font-family: arial, helvetica, sans-serif; font-size: 14pt;\">de manera digital y sobre ello informaremos en una pr\u00f3xima circular.<\/span><\/p>\n<p style=\"text-align: justify;\"><span style=\"font-family: arial, helvetica, sans-serif; font-size: 14pt;\">El periodo de tramitaci\u00f3n de licencias ser\u00e1 por tanto el comprendido entre el 11 <\/span><span style=\"font-family: arial, helvetica, sans-serif; font-size: 14pt;\">de enero y el 9 de febrero de 2021. La fecha prevista de inicio de la competici\u00f3n es el <\/span><span style=\"font-family: arial, helvetica, sans-serif; font-size: 14pt;\">10 de febrero de 2021. En breve podr\u00e9is encontrar toda esta informaci\u00f3n en nuestra <\/span><span style=\"font-family: arial, helvetica, sans-serif; font-size: 14pt;\">web <a href=\"http:\/\/ecsevilla.org\/deportes\/\" target=\"_blank\" rel=\"noopener\">www.ecsevilla.org\/deportes<\/a><\/span><\/p>\n<p>&nbsp;<\/p>\n<p style=\"text-align: justify;\"><span style=\"font-family: arial, helvetica, sans-serif; font-size: 14pt;\">Esperamos que la convocatoria de estos XXX JUEGOS DEPORTIVOS ESCOLARES <\/span><span style=\"font-family: arial, helvetica, sans-serif; font-size: 14pt;\">de Escuelas Cat\u00f3licas Sevilla sea de su inter\u00e9s, deseando poder contar con <\/span><span style=\"font-family: arial, helvetica, sans-serif; font-size: 14pt;\">la participaci\u00f3n de su colegio en esta nueva edici\u00f3n.<\/span><\/p>\n<p>&nbsp;<\/p>\n<p><a href=\"http:\/\/ecsevilla.org\/deportes\/wp-content\/uploads\/2018\/10\/barra-ecs-1.jpg\"><img loading=\"lazy\" decoding=\"async\" class=\"aligncenter size-full wp-image-2093\" src=\"http:\/\/ecsevilla.org\/deportes\/wp-content\/uploads\/2018\/10\/barra-ecs-1.jpg\" alt=\"barra ecs\" width=\"901\" height=\"29\" srcset=\"http:\/\/ecsevilla.org\/deportes\/wp-content\/uploads\/2018\/10\/barra-ecs-1.jpg 901w, http:\/\/ecsevilla.org\/deportes\/wp-content\/uploads\/2018\/10\/barra-ecs-1-300x10.jpg 300w, http:\/\/ecsevilla.org\/deportes\/wp-content\/uploads\/2018\/10\/barra-ecs-1-768x25.jpg 768w\" sizes=\"auto, (max-width: 901px) 100vw, 901px\" \/><\/a><\/p>\n","protected":false},"excerpt":{"rendered":"<p>&nbsp; Nos alegra comunicar que el Departamento de Deporte Escolar y Valores convoca, un a\u00f1o m\u00e1s, uno de los programas insignias de Escuelas Cat\u00f3licas Sevilla: nuestros Juegos Deportivos Escolares, que&hellip; <\/p>\n","protected":false},"author":214,"featured_media":2636,"comment_status":"closed","ping_status":"open","sticky":false,"template":"","format":"standard","meta":{"footnotes":""},"categories":[10],"tags":[25],"class_list":["post-2630","post","type-post","status-publish","format-standard","has-post-thumbnail","hentry","category-noticias","tag-juegos-deportivos-escolares"],"_links":{"self":[{"href":"http:\/\/ecsevilla.org\/deportes\/wp-json\/wp\/v2\/posts\/2630","targetHints":{"allow":["GET"]}}],"collection":[{"href":"http:\/\/ecsevilla.org\/deportes\/wp-json\/wp\/v2\/posts"}],"about":[{"href":"http:\/\/ecsevilla.org\/deportes\/wp-json\/wp\/v2\/types\/post"}],"author":[{"embeddable":true,"href":"http:\/\/ecsevilla.org\/deportes\/wp-json\/wp\/v2\/users\/214"}],"replies":[{"embeddable":true,"href":"http:\/\/ecsevilla.org\/deportes\/wp-json\/wp\/v2\/comments?post=2630"}],"version-history":[{"count":3,"href":"http:\/\/ecsevilla.org\/deportes\/wp-json\/wp\/v2\/posts\/2630\/revisions"}],"predecessor-version":[{"id":2637,"href":"http:\/\/ecsevilla.org\/deportes\/wp-json\/wp\/v2\/posts\/2630\/revisions\/2637"}],"wp:featuredmedia":[{"embeddable":true,"href":"http:\/\/ecsevilla.org\/deportes\/wp-json\/wp\/v2\/media\/2636"}],"wp:attachment":[{"href":"http:\/\/ecsevilla.org\/deportes\/wp-json\/wp\/v2\/media?parent=2630"}],"wp:term":[{"taxonomy":"category","embeddable":true,"href":"http:\/\/ecsevilla.org\/deportes\/wp-json\/wp\/v2\/categories?post=2630"},{"taxonomy":"post_tag","embeddable":true,"href":"http:\/\/ecsevilla.org\/deportes\/wp-json\/wp\/v2\/tags?post=2630"}],"curies":[{"name":"wp","href":"https:\/\/api.w.org\/{rel}","templated":true}]}}