{"id":2606,"date":"2020-12-15T09:31:20","date_gmt":"2020-12-15T08:31:20","guid":{"rendered":"http:\/\/ecsevilla.org\/deportes\/?p=2606"},"modified":"2020-12-16T10:10:07","modified_gmt":"2020-12-16T09:10:07","slug":"el-valor-del-deporte-en-los-centros-escolares-foro-deportivo-escolar-1a-jornada","status":"publish","type":"post","link":"http:\/\/ecsevilla.org\/deportes\/el-valor-del-deporte-en-los-centros-escolares-foro-deportivo-escolar-1a-jornada\/","title":{"rendered":"El Valor Del Deporte En Los Centros Escolares \/ Foro Deportivo Escolar 1\u00aa Jornada"},"content":{"rendered":"<p><a href=\"http:\/\/ecsevilla.org\/deportes\/wp-content\/uploads\/2018\/10\/barra-ecs-1.jpg\"><img loading=\"lazy\" decoding=\"async\" class=\"aligncenter size-full wp-image-2093\" src=\"http:\/\/ecsevilla.org\/deportes\/wp-content\/uploads\/2018\/10\/barra-ecs-1.jpg\" alt=\"barra ecs\" width=\"901\" height=\"29\" srcset=\"http:\/\/ecsevilla.org\/deportes\/wp-content\/uploads\/2018\/10\/barra-ecs-1.jpg 901w, http:\/\/ecsevilla.org\/deportes\/wp-content\/uploads\/2018\/10\/barra-ecs-1-300x10.jpg 300w, http:\/\/ecsevilla.org\/deportes\/wp-content\/uploads\/2018\/10\/barra-ecs-1-768x25.jpg 768w\" sizes=\"auto, (max-width: 901px) 100vw, 901px\" \/><\/a><\/p>\n<p>&nbsp;<\/p>\n<p style=\"text-align: justify;\"><span style=\"font-family: arial, helvetica, sans-serif; font-size: 14pt;\">En esta etapa de obligado distanciamiento que vivimos, Escuelas Cat\u00f3licas de Sevilla quiere ofrecer una nueva propuesta desde el Departamento de Deporte Escolar y Valores con el \u00e1nimo de acercarnos a los colegios, a los miembros de las distintas comunidades educativas que participan del Deporte en su Centro, y para ello, utilizando las herramientas tecnol\u00f3gicas tan en boga en estos momentos, hemos dise\u00f1ado y planificado un <strong>Foro de Deporte Escolar<\/strong>.<\/span><\/p>\n<p style=\"text-align: justify;\"><span style=\"font-family: arial, helvetica, sans-serif; font-size: 14pt;\">Una acci\u00f3n enfocada a compartir de manera telem\u00e1tica los distintos puntos de vista del deporte escolar bajo distintos formatos, desde debates, coloquios y ponencias hasta entrevistas sobre temas relacionados con el Deporte que se respira en los colegios.<\/span><\/p>\n<p style=\"text-align: justify;\"><span style=\"font-family: arial, helvetica, sans-serif; font-size: 14pt;\">Cada jornada ser\u00e1 difundida en streaming por el canal de YouTube del Departamento de Deporte Escolar y Valores de Escuelas Cat\u00f3licas Sevilla:<\/span><\/p>\n<p style=\"text-align: justify;\"><span style=\"font-family: arial, helvetica, sans-serif; font-size: 14pt;\"><a href=\"https:\/\/www.youtube.com\/channel\/UC9naKtQMgs1olvaIgnlEkpQ\">https:\/\/www.youtube.com\/channel\/UC9naKtQMgs1olvaIgnlEkpQ<\/a><\/span><\/p>\n<p style=\"text-align: justify;\"><span style=\"font-family: arial, helvetica, sans-serif; font-size: 14pt;\">El Deporte que se oferta en los centros escolares tiene unas caracter\u00edsticas particulares que lo distinguen en muchos aspectos de otras alternativas ofrecidas por otras instituciones o asociaciones para la pr\u00e1ctica deportiva. Un <strong>deporte educativo<\/strong> que de ser bien utilizado se convierte en una de las herramientas mas efectivas para trasmitir valores positivos entre los componentes que conforman esta parcela en las canchas de juego. Y desde Escuelas Cat\u00f3licas creemos que es buen momento para <strong>analizar las virtudes y defectos que lo caracterizan<\/strong>, con el objetivo de seguir avanzando y alcanzar mejoras en nuestros prop\u00f3sitos.<\/span><\/p>\n<p style=\"text-align: justify;\"><span style=\"font-family: arial, helvetica, sans-serif; font-size: 14pt;\">Para realizar una prospecci\u00f3n certera, cercana y real, pasar\u00e1n por nuestro Foro Deportivo un elenco de personas de perfil profesional variado pero que comparten un n\u00facleo com\u00fan, su pasi\u00f3n por el Deporte Escolar. Coordinadores deportivos, entrenadores, jugadores, \u00e1rbitros, padres, gestores y otros expertos colaborar\u00e1n en este proyecto aportando las experiencias personales vividas as\u00ed como revelando las v\u00edas utilizadas para alcanzar de forma positiva las metas propuestas.<\/span><\/p>\n<p style=\"text-align: justify;\"><span style=\"font-family: arial, helvetica, sans-serif; font-size: 14pt;\">En la parte inferior de este entrada pod\u00e9is encontrar el cartel de la <strong>1\u00aa Jornada <\/strong>a celebrarse<strong>\u00a0el pr\u00f3ximo jueves 17 de diciembre a las 19:30 <\/strong>y que\u00a0bajo el t\u00edtulo <em><strong>\u201cEl Valor del Deporte en los Centros Escolares\u201d,<\/strong><\/em> servir\u00e1 para poner en marcha este Foro Deportivo analizando de forma general las singularidades del Deporte Escolar implantado en los colegios, as\u00ed como las modalidades deportivas que se ofertan, los distintos sistemas de gesti\u00f3n, la competici\u00f3n como medio, as\u00ed como otros temas introductorios para pr\u00f3ximas jornadas. Para ello contaremos con los siguientes participantes:<\/span><\/p>\n<p style=\"text-align: justify;\"><span style=\"font-family: arial, helvetica, sans-serif; font-size: 14pt;\"><strong>Javier Esteban<\/strong>, <em>Coordinador del Departamento de Deporte Escolar y Valores de Escuelas Cat\u00f3licas Madrid y Secretario Ejecutivo de EMDE<\/em>.<\/span><\/p>\n<p style=\"text-align: justify;\"><span style=\"font-family: arial, helvetica, sans-serif; font-size: 14pt;\"><strong>Pedro Bacallado<\/strong>, <em>Coordinador de Deportes del Colegio Nuestra Se\u00f1ora del Buen Consejo, de la Laguna (Tenerife) y miembro de la Junta de EMDE<\/em>.<\/span><\/p>\n<p style=\"text-align: justify;\"><span style=\"font-family: arial, helvetica, sans-serif; font-size: 14pt;\"><strong>Pablo Garc\u00eda<\/strong>, <em>Profesor de Educaci\u00f3n F\u00edsica del Colegio Salesiano Atocha de Madrid y miembro de la Junta de EMDE<\/em>.<\/span><\/p>\n<p style=\"text-align: justify;\"><span style=\"font-family: arial, helvetica, sans-serif; font-size: 14pt;\"><strong>Manuel Garc\u00eda<\/strong>, <em>Coordinador del Departamento de Deporte Escolar y Valores de Escuelas Cat\u00f3licas Sevilla y miembro de la Junta de EMDE<\/em>.<\/span><\/p>\n<p style=\"text-align: justify;\"><span style=\"font-family: arial, helvetica, sans-serif; font-size: 14pt;\">Tambi\u00e9n ser\u00e1 una buena oportunidad para sondear la situaci\u00f3n actual de los Juegos Deportivos de Escuelas Cat\u00f3licas en las distintas provincias, con sus protocolos y medidas as\u00ed como trasladar informaci\u00f3n respectiva a los pr\u00f3ximos Juegos EMDE 2021.<\/span><\/p>\n<p style=\"text-align: justify;\"><span style=\"font-family: arial, helvetica, sans-serif; font-size: 14pt;\">Esperamos contar con todos vosotros y poder sentiros cerca para, de este modo, poder serviros mejor.<\/span><\/p>\n<p><a href=\"http:\/\/ecsevilla.org\/deportes\/wp-content\/uploads\/2020\/12\/EL-VALOR-DEL-DEPORTE-EN-LOS-CENTROS-ESCOLARES.jpg\"><img loading=\"lazy\" decoding=\"async\" class=\"aligncenter wp-image-2607 size-large\" src=\"http:\/\/ecsevilla.org\/deportes\/wp-content\/uploads\/2020\/12\/EL-VALOR-DEL-DEPORTE-EN-LOS-CENTROS-ESCOLARES-724x1024.jpg\" alt=\"\" width=\"724\" height=\"1024\" srcset=\"http:\/\/ecsevilla.org\/deportes\/wp-content\/uploads\/2020\/12\/EL-VALOR-DEL-DEPORTE-EN-LOS-CENTROS-ESCOLARES-724x1024.jpg 724w, http:\/\/ecsevilla.org\/deportes\/wp-content\/uploads\/2020\/12\/EL-VALOR-DEL-DEPORTE-EN-LOS-CENTROS-ESCOLARES-212x300.jpg 212w, http:\/\/ecsevilla.org\/deportes\/wp-content\/uploads\/2020\/12\/EL-VALOR-DEL-DEPORTE-EN-LOS-CENTROS-ESCOLARES-768x1086.jpg 768w, http:\/\/ecsevilla.org\/deportes\/wp-content\/uploads\/2020\/12\/EL-VALOR-DEL-DEPORTE-EN-LOS-CENTROS-ESCOLARES-1086x1536.jpg 1086w, http:\/\/ecsevilla.org\/deportes\/wp-content\/uploads\/2020\/12\/EL-VALOR-DEL-DEPORTE-EN-LOS-CENTROS-ESCOLARES.jpg 1240w\" sizes=\"auto, (max-width: 724px) 100vw, 724px\" \/><\/a><\/p>\n<p>&nbsp;<\/p>\n<p>&nbsp;<\/p>\n<p>&nbsp;<\/p>\n<p><a href=\"http:\/\/ecsevilla.org\/deportes\/wp-content\/uploads\/2018\/10\/barra-ecs-1.jpg\"><img loading=\"lazy\" decoding=\"async\" class=\"aligncenter size-full wp-image-2093\" src=\"http:\/\/ecsevilla.org\/deportes\/wp-content\/uploads\/2018\/10\/barra-ecs-1.jpg\" alt=\"barra ecs\" width=\"901\" height=\"29\" srcset=\"http:\/\/ecsevilla.org\/deportes\/wp-content\/uploads\/2018\/10\/barra-ecs-1.jpg 901w, http:\/\/ecsevilla.org\/deportes\/wp-content\/uploads\/2018\/10\/barra-ecs-1-300x10.jpg 300w, http:\/\/ecsevilla.org\/deportes\/wp-content\/uploads\/2018\/10\/barra-ecs-1-768x25.jpg 768w\" sizes=\"auto, (max-width: 901px) 100vw, 901px\" \/><\/a><\/p>\n","protected":false},"excerpt":{"rendered":"<p>&nbsp; En esta etapa de obligado distanciamiento que vivimos, Escuelas Cat\u00f3licas de Sevilla quiere ofrecer una nueva propuesta desde el Departamento de Deporte Escolar y Valores con el \u00e1nimo de&hellip; <\/p>\n","protected":false},"author":214,"featured_media":2611,"comment_status":"closed","ping_status":"open","sticky":false,"template":"","format":"standard","meta":{"footnotes":""},"categories":[18,10],"tags":[21,22],"class_list":["post-2606","post","type-post","status-publish","format-standard","has-post-thumbnail","hentry","category-formacion","category-noticias","tag-foro-deportivo-escolar","tag-youtube"],"_links":{"self":[{"href":"http:\/\/ecsevilla.org\/deportes\/wp-json\/wp\/v2\/posts\/2606","targetHints":{"allow":["GET"]}}],"collection":[{"href":"http:\/\/ecsevilla.org\/deportes\/wp-json\/wp\/v2\/posts"}],"about":[{"href":"http:\/\/ecsevilla.org\/deportes\/wp-json\/wp\/v2\/types\/post"}],"author":[{"embeddable":true,"href":"http:\/\/ecsevilla.org\/deportes\/wp-json\/wp\/v2\/users\/214"}],"replies":[{"embeddable":true,"href":"http:\/\/ecsevilla.org\/deportes\/wp-json\/wp\/v2\/comments?post=2606"}],"version-history":[{"count":3,"href":"http:\/\/ecsevilla.org\/deportes\/wp-json\/wp\/v2\/posts\/2606\/revisions"}],"predecessor-version":[{"id":2615,"href":"http:\/\/ecsevilla.org\/deportes\/wp-json\/wp\/v2\/posts\/2606\/revisions\/2615"}],"wp:featuredmedia":[{"embeddable":true,"href":"http:\/\/ecsevilla.org\/deportes\/wp-json\/wp\/v2\/media\/2611"}],"wp:attachment":[{"href":"http:\/\/ecsevilla.org\/deportes\/wp-json\/wp\/v2\/media?parent=2606"}],"wp:term":[{"taxonomy":"category","embeddable":true,"href":"http:\/\/ecsevilla.org\/deportes\/wp-json\/wp\/v2\/categories?post=2606"},{"taxonomy":"post_tag","embeddable":true,"href":"http:\/\/ecsevilla.org\/deportes\/wp-json\/wp\/v2\/tags?post=2606"}],"curies":[{"name":"wp","href":"https:\/\/api.w.org\/{rel}","templated":true}]}}