{"id":2602,"date":"2020-12-09T11:12:42","date_gmt":"2020-12-09T10:12:42","guid":{"rendered":"http:\/\/ecsevilla.org\/deportes\/?p=2602"},"modified":"2020-12-16T10:10:23","modified_gmt":"2020-12-16T09:10:23","slug":"ii-concurso-de-christmas-navidenos","status":"publish","type":"post","link":"http:\/\/ecsevilla.org\/deportes\/ii-concurso-de-christmas-navidenos\/","title":{"rendered":"II Concurso de Christmas Navide\u00f1os"},"content":{"rendered":"<p><a href=\"http:\/\/ecsevilla.org\/deportes\/wp-content\/uploads\/2020\/12\/certamen-de-Chistmas-ECS.jpg\"><img loading=\"lazy\" decoding=\"async\" class=\"aligncenter wp-image-2603 size-large\" src=\"http:\/\/ecsevilla.org\/deportes\/wp-content\/uploads\/2020\/12\/certamen-de-Chistmas-ECS-1024x751.jpg\" alt=\"\" width=\"1024\" height=\"751\" srcset=\"http:\/\/ecsevilla.org\/deportes\/wp-content\/uploads\/2020\/12\/certamen-de-Chistmas-ECS-1024x751.jpg 1024w, http:\/\/ecsevilla.org\/deportes\/wp-content\/uploads\/2020\/12\/certamen-de-Chistmas-ECS-300x220.jpg 300w, http:\/\/ecsevilla.org\/deportes\/wp-content\/uploads\/2020\/12\/certamen-de-Chistmas-ECS-768x563.jpg 768w, http:\/\/ecsevilla.org\/deportes\/wp-content\/uploads\/2020\/12\/certamen-de-Chistmas-ECS-1536x1126.jpg 1536w, http:\/\/ecsevilla.org\/deportes\/wp-content\/uploads\/2020\/12\/certamen-de-Chistmas-ECS.jpg 1772w\" sizes=\"auto, (max-width: 1024px) 100vw, 1024px\" \/><\/a><\/p>\n<p>&nbsp;<\/p>\n<p style=\"text-align: justify;\"><span style=\"font-family: arial, helvetica, sans-serif; font-size: 14pt;\">El Departamento Deporte Escolar y Valores ECSevilla lleva a cabo el\u00a0<strong>II CONCURSO de CHRISTMAS NAVIDE\u00d1OS<\/strong>. Podr\u00e1n participar todos aquellos alumnos\/as matriculados en Centros Escolares asociados a Escuelas Cat\u00f3licas de Sevilla. Cada participante s\u00f3lo podr\u00e1 participar con una obra. La participaci\u00f3n en el concurso supone la aceptaci\u00f3n de las bases del mismo.<\/span><\/p>\n<p style=\"text-align: justify;\"><span style=\"font-family: arial, helvetica, sans-serif; font-size: 14pt;\">La t\u00e9cnica para realizar el Christmas ser\u00e1 libre (l\u00e1pices, ceras, acuarelas, t\u00e9mperas, collage, etc\u2026) y el motivo del Christma del concurso ser\u00e1 la Navidad. Los trabajos presentados deber\u00e1n ser originales no admiti\u00e9ndose copias de otros existentes en libros o im\u00e1genes capturadas de internet.<\/span><\/p>\n<p style=\"text-align: justify;\"><span style=\"font-family: arial, helvetica, sans-serif; font-size: 14pt;\"><strong>Env\u00edo<\/strong><\/span><\/p>\n<p style=\"text-align: justify;\"><span style=\"font-family: arial, helvetica, sans-serif; font-size: 14pt;\">Para el env\u00edo de los trabajos se proceder\u00e1 a realizar una fotograf\u00eda de calidad o bien un archivo escaneado de la obra en cuesti\u00f3n. Las obras se enviar\u00e1n en formato imagen (jpg. o png.) por correo electr\u00f3nico a la direcci\u00f3n de email info@ecsevilla.org indicando en el cuerpo del mensaje los siguientes datos:<\/span><\/p>\n<ul style=\"text-align: justify;\">\n<li><span style=\"font-family: arial, helvetica, sans-serif; font-size: 14pt;\">Nombre del alumno autor de la obra<\/span><\/li>\n<li><span style=\"font-family: arial, helvetica, sans-serif; font-size: 14pt;\">Colegio donde est\u00e1 escolarizado el alumno<\/span><\/li>\n<\/ul>\n<p style=\"text-align: justify;\"><span style=\"font-family: arial, helvetica, sans-serif; font-size: 14pt;\"><strong>Fecha L\u00edmite<\/strong><\/span><\/p>\n<p style=\"text-align: justify;\"><span style=\"font-family: arial, helvetica, sans-serif; font-size: 14pt;\">La fecha l\u00edmite para la presentaci\u00f3n de christmas ser\u00e1 el\u00a0<strong>jueves 17 de diciembre<\/strong>.<\/span><\/p>\n<p style=\"text-align: justify;\"><span style=\"font-family: arial, helvetica, sans-serif; font-size: 14pt;\"><strong>Valoraci\u00f3n<\/strong><\/span><\/p>\n<p style=\"text-align: justify;\"><span style=\"font-family: arial, helvetica, sans-serif; font-size: 14pt;\">Se valorar\u00e1 fundamentalmente en funci\u00f3n de la edad de los participantes la originalidad, la creatividad, la adecuaci\u00f3n a la tem\u00e1tica y el resultado est\u00e9tico global.<\/span><\/p>\n<p style=\"text-align: justify;\"><span style=\"font-family: arial, helvetica, sans-serif; font-size: 14pt;\"><strong>Premios<\/strong><\/span><\/p>\n<p style=\"text-align: justify;\"><span style=\"font-family: arial, helvetica, sans-serif; font-size: 14pt;\">Se establece un 1er y un 2\u00ba premio para cada categor\u00eda (Infantil-Primaria, Secundaria) que consistir\u00e1n en material escolar de dibujo. Los Christmas elegidos por el Jurado, ser\u00e1n publicados en la web de Escuelas Cat\u00f3licas Sevilla as\u00ed como en nuestras redes sociales. Los primeros premios conformar\u00e1n la postal digital navide\u00f1a que Escuelas Cat\u00f3licas de Sevilla remitir\u00e1 a los Centros Asociados para felicitar las Fiestas.<\/span><\/p>\n<p style=\"text-align: justify;\"><span style=\"font-family: arial, helvetica, sans-serif; font-size: 14pt;\"><strong>Trabajos No Premiados<\/strong><\/span><\/p>\n<p style=\"text-align: justify;\"><span style=\"font-family: arial, helvetica, sans-serif; font-size: 14pt;\">Los archivos digitales quedar\u00e1n a disposici\u00f3n de Escuelas Cat\u00f3licas Sevilla, para ser expuestas en la sede, web y redes sociales de la instituci\u00f3n. La cesi\u00f3n a favor de Escuelas Cat\u00f3licas Sevilla, por parte de los participantes, da los derechos de reproducci\u00f3n, distribuci\u00f3n, comunicaci\u00f3n p\u00fablica, transformaci\u00f3n, as\u00ed como cualquier otro derecho de explotaci\u00f3n que pudiera dar lugar, sobre los dibujos, utiliz\u00e1ndose por Escuelas Cat\u00f3licas para los fines relacionados con su actividad, y citando, en los casos en que sea posible el nombre del autor\/a.<\/span><\/p>\n<p style=\"text-align: justify;\"><span style=\"font-family: arial, helvetica, sans-serif; font-size: 14pt;\"><strong>Protecci\u00f3n De Datos<\/strong><\/span><\/p>\n<p style=\"text-align: justify;\"><span style=\"font-family: arial, helvetica, sans-serif; font-size: 14pt;\"><strong>\u00bfQui\u00e9n es el responsable del tratamiento de sus datos personales?<\/strong><\/span><\/p>\n<p style=\"text-align: justify;\"><span style=\"font-family: arial, helvetica, sans-serif; font-size: 14pt;\">Asociaci\u00f3n Provincial Educaci\u00f3n y Gesti\u00f3n de Sevilla (en adelante, EyG), sito en calle Virgen del \u00c1guila, 2, local, 41011 Sevilla.<\/span><\/p>\n<p style=\"text-align: justify;\"><span style=\"font-family: arial, helvetica, sans-serif; font-size: 14pt;\"><strong>\u00bfCon qu\u00e9 finalidad tratamos sus datos?<\/strong><\/span><\/p>\n<p style=\"text-align: justify;\"><span style=\"font-family: arial, helvetica, sans-serif; font-size: 14pt;\">Trataremos sus datos \u00fanicamente con la finalidad de participar en el concurso felicitaciones navide\u00f1as. Respecto de los datos de terceros menores de edad, usted expresa de forma fehaciente que ha obtenido el consentimiento del titular de la patria potestad o tutela sobre el menor, que ser\u00e1n utilizados exclusivamente para la participaci\u00f3n en el concurso.<\/span><\/p>\n<p style=\"text-align: justify;\"><span style=\"font-family: arial, helvetica, sans-serif; font-size: 14pt;\"><strong>\u00bfPor qu\u00e9 estamos legitimados para su tratamiento?<\/strong><\/span><\/p>\n<p style=\"text-align: justify;\"><span style=\"font-family: arial, helvetica, sans-serif; font-size: 14pt;\">El tratamiento de sus datos se realiza para el cumplimiento de obligaciones legales por parte de Asoc. Prov. Educaci\u00f3n y Gesti\u00f3n de Sevilla. La legitimaci\u00f3n est\u00e1 basada en el consentimiento del interesado.<\/span><\/p>\n<p style=\"text-align: justify;\"><span style=\"font-family: arial, helvetica, sans-serif; font-size: 14pt;\"><strong>\u00bfCu\u00e1les son sus derechos cuando nos facilita sus datos?<\/strong><\/span><\/p>\n<p style=\"text-align: justify;\"><span style=\"font-family: arial, helvetica, sans-serif; font-size: 14pt;\">En cualquier momento usted podr\u00e1 ejercer los derechos de acceso, rectificaci\u00f3n y supresi\u00f3n de los datos, as\u00ed como otros derechos, dirigi\u00e9ndose por escrito a trav\u00e9s del correo ordinario o por correo electr\u00f3nico a la direcci\u00f3n info@ecsevilla.org<\/span><\/p>\n","protected":false},"excerpt":{"rendered":"<p>&nbsp; El Departamento Deporte Escolar y Valores ECSevilla lleva a cabo el\u00a0II CONCURSO de CHRISTMAS NAVIDE\u00d1OS. Podr\u00e1n participar todos aquellos alumnos\/as matriculados en Centros Escolares asociados a Escuelas Cat\u00f3licas de&hellip; <\/p>\n","protected":false},"author":214,"featured_media":2603,"comment_status":"closed","ping_status":"open","sticky":false,"template":"","format":"standard","meta":{"footnotes":""},"categories":[10],"tags":[24,23],"class_list":["post-2602","post","type-post","status-publish","format-standard","has-post-thumbnail","hentry","category-noticias","tag-concursos","tag-navidad"],"_links":{"self":[{"href":"http:\/\/ecsevilla.org\/deportes\/wp-json\/wp\/v2\/posts\/2602","targetHints":{"allow":["GET"]}}],"collection":[{"href":"http:\/\/ecsevilla.org\/deportes\/wp-json\/wp\/v2\/posts"}],"about":[{"href":"http:\/\/ecsevilla.org\/deportes\/wp-json\/wp\/v2\/types\/post"}],"author":[{"embeddable":true,"href":"http:\/\/ecsevilla.org\/deportes\/wp-json\/wp\/v2\/users\/214"}],"replies":[{"embeddable":true,"href":"http:\/\/ecsevilla.org\/deportes\/wp-json\/wp\/v2\/comments?post=2602"}],"version-history":[{"count":2,"href":"http:\/\/ecsevilla.org\/deportes\/wp-json\/wp\/v2\/posts\/2602\/revisions"}],"predecessor-version":[{"id":2605,"href":"http:\/\/ecsevilla.org\/deportes\/wp-json\/wp\/v2\/posts\/2602\/revisions\/2605"}],"wp:featuredmedia":[{"embeddable":true,"href":"http:\/\/ecsevilla.org\/deportes\/wp-json\/wp\/v2\/media\/2603"}],"wp:attachment":[{"href":"http:\/\/ecsevilla.org\/deportes\/wp-json\/wp\/v2\/media?parent=2602"}],"wp:term":[{"taxonomy":"category","embeddable":true,"href":"http:\/\/ecsevilla.org\/deportes\/wp-json\/wp\/v2\/categories?post=2602"},{"taxonomy":"post_tag","embeddable":true,"href":"http:\/\/ecsevilla.org\/deportes\/wp-json\/wp\/v2\/tags?post=2602"}],"curies":[{"name":"wp","href":"https:\/\/api.w.org\/{rel}","templated":true}]}}