{"id":2594,"date":"2020-12-01T11:24:52","date_gmt":"2020-12-01T10:24:52","guid":{"rendered":"http:\/\/ecsevilla.org\/deportes\/?p=2594"},"modified":"2020-12-01T11:24:52","modified_gmt":"2020-12-01T10:24:52","slug":"tenemos-perfil-de-instagram","status":"publish","type":"post","link":"http:\/\/ecsevilla.org\/deportes\/tenemos-perfil-de-instagram\/","title":{"rendered":"\u00a1Tenemos perfil de Instagram!"},"content":{"rendered":"<p><strong><a href=\"http:\/\/ecsevilla.org\/deportes\/wp-content\/uploads\/2018\/10\/barra-ecs-1.jpg\"><img loading=\"lazy\" decoding=\"async\" class=\"aligncenter size-full wp-image-2093\" src=\"http:\/\/ecsevilla.org\/deportes\/wp-content\/uploads\/2018\/10\/barra-ecs-1.jpg\" alt=\"barra ecs\" width=\"901\" height=\"29\" srcset=\"http:\/\/ecsevilla.org\/deportes\/wp-content\/uploads\/2018\/10\/barra-ecs-1.jpg 901w, http:\/\/ecsevilla.org\/deportes\/wp-content\/uploads\/2018\/10\/barra-ecs-1-300x10.jpg 300w, http:\/\/ecsevilla.org\/deportes\/wp-content\/uploads\/2018\/10\/barra-ecs-1-768x25.jpg 768w\" sizes=\"auto, (max-width: 901px) 100vw, 901px\" \/><\/a><\/strong><\/p>\n<p>&nbsp;<\/p>\n<p>&nbsp;<\/p>\n<p style=\"text-align: justify;\"><span style=\"font-family: arial, helvetica, sans-serif; font-size: 14pt;\"><a href=\"http:\/\/ecsevilla.org\/deportes\/wp-content\/uploads\/2020\/12\/apertura-instagram.jpg\"><img loading=\"lazy\" decoding=\"async\" class=\"alignright wp-image-2595 size-medium\" src=\"http:\/\/ecsevilla.org\/deportes\/wp-content\/uploads\/2020\/12\/apertura-instagram-300x150.jpg\" alt=\"\" width=\"300\" height=\"150\" srcset=\"http:\/\/ecsevilla.org\/deportes\/wp-content\/uploads\/2020\/12\/apertura-instagram-300x150.jpg 300w, http:\/\/ecsevilla.org\/deportes\/wp-content\/uploads\/2020\/12\/apertura-instagram-768x384.jpg 768w, http:\/\/ecsevilla.org\/deportes\/wp-content\/uploads\/2020\/12\/apertura-instagram.jpg 1024w\" sizes=\"auto, (max-width: 300px) 100vw, 300px\" \/><\/a>Con el \u00e1nimo de favorecer la cercan\u00eda de la competici\u00f3n deportiva escolar a todos vosotros, el Departamento de Deporte Escolar y Valores de Escuelas Cat\u00f3licas Sevilla ha promovido la creaci\u00f3n de un perfil en la red social Instagram.<\/span><\/p>\n<p style=\"text-align: justify;\"><span style=\"font-family: arial, helvetica, sans-serif; font-size: 14pt;\">De esta manera, la informaci\u00f3n proporcionada en nuestra p\u00e1gina web y en nuestro perfil de Twitter podr\u00e1 llegar de un modo m\u00e1s diversificado a los usuarios gracias a esta red que est\u00e1 presente en la vida de un p\u00fablico mayoritariamente m\u00e1s joven.<\/span><\/p>\n<p style=\"text-align: justify;\"><span style=\"font-family: arial, helvetica, sans-serif; font-size: 14pt;\">Haz click en el siguiente enlace para acceder al perfil y, si es de vuestro inter\u00e9s, seguir la cuenta:<\/span><\/p>\n<p style=\"text-align: justify;\"><span style=\"font-family: arial, helvetica, sans-serif; font-size: 14pt;\"><a href=\"https:\/\/www.instagram.com\/deportesecs\/\" target=\"_blank\" rel=\"noopener noreferrer\">https:\/\/www.instagram.com\/deportesecs\/<\/a><\/span><\/p>\n<p style=\"text-align: justify;\"><span style=\"font-family: arial, helvetica, sans-serif; font-size: 14pt;\">Deseamos que esta novedad sea de vuestro agrado.<\/span><\/p>\n<p style=\"text-align: justify;\"><span style=\"font-family: arial, helvetica, sans-serif; font-size: 14pt;\">Gracias<\/span><\/p>\n<p style=\"text-align: justify;\"><span style=\"font-family: arial, helvetica, sans-serif; font-size: 14pt;\">Un saludo<\/span><\/p>\n<p>&nbsp;<\/p>\n<p>&nbsp;<\/p>\n<p style=\"text-align: justify;\">\n<p>&nbsp;<\/p>\n<p>&nbsp;<\/p>\n<p><a href=\"http:\/\/ecsevilla.org\/deportes\/wp-content\/uploads\/2018\/10\/barra-ecs-1.jpg\"><img loading=\"lazy\" decoding=\"async\" class=\"aligncenter size-full wp-image-2093\" src=\"http:\/\/ecsevilla.org\/deportes\/wp-content\/uploads\/2018\/10\/barra-ecs-1.jpg\" alt=\"barra ecs\" width=\"901\" height=\"29\" srcset=\"http:\/\/ecsevilla.org\/deportes\/wp-content\/uploads\/2018\/10\/barra-ecs-1.jpg 901w, http:\/\/ecsevilla.org\/deportes\/wp-content\/uploads\/2018\/10\/barra-ecs-1-300x10.jpg 300w, http:\/\/ecsevilla.org\/deportes\/wp-content\/uploads\/2018\/10\/barra-ecs-1-768x25.jpg 768w\" sizes=\"auto, (max-width: 901px) 100vw, 901px\" \/><\/a><\/p>\n","protected":false},"excerpt":{"rendered":"<p>&nbsp; &nbsp; Con el \u00e1nimo de favorecer la cercan\u00eda de la competici\u00f3n deportiva escolar a todos vosotros, el Departamento de Deporte Escolar y Valores de Escuelas Cat\u00f3licas Sevilla ha promovido&hellip; <\/p>\n","protected":false},"author":214,"featured_media":2595,"comment_status":"closed","ping_status":"open","sticky":false,"template":"","format":"standard","meta":{"footnotes":""},"categories":[10],"tags":[20,19],"class_list":["post-2594","post","type-post","status-publish","format-standard","has-post-thumbnail","hentry","category-noticias","tag-instagram","tag-redes-sociales"],"_links":{"self":[{"href":"http:\/\/ecsevilla.org\/deportes\/wp-json\/wp\/v2\/posts\/2594","targetHints":{"allow":["GET"]}}],"collection":[{"href":"http:\/\/ecsevilla.org\/deportes\/wp-json\/wp\/v2\/posts"}],"about":[{"href":"http:\/\/ecsevilla.org\/deportes\/wp-json\/wp\/v2\/types\/post"}],"author":[{"embeddable":true,"href":"http:\/\/ecsevilla.org\/deportes\/wp-json\/wp\/v2\/users\/214"}],"replies":[{"embeddable":true,"href":"http:\/\/ecsevilla.org\/deportes\/wp-json\/wp\/v2\/comments?post=2594"}],"version-history":[{"count":1,"href":"http:\/\/ecsevilla.org\/deportes\/wp-json\/wp\/v2\/posts\/2594\/revisions"}],"predecessor-version":[{"id":2596,"href":"http:\/\/ecsevilla.org\/deportes\/wp-json\/wp\/v2\/posts\/2594\/revisions\/2596"}],"wp:featuredmedia":[{"embeddable":true,"href":"http:\/\/ecsevilla.org\/deportes\/wp-json\/wp\/v2\/media\/2595"}],"wp:attachment":[{"href":"http:\/\/ecsevilla.org\/deportes\/wp-json\/wp\/v2\/media?parent=2594"}],"wp:term":[{"taxonomy":"category","embeddable":true,"href":"http:\/\/ecsevilla.org\/deportes\/wp-json\/wp\/v2\/categories?post=2594"},{"taxonomy":"post_tag","embeddable":true,"href":"http:\/\/ecsevilla.org\/deportes\/wp-json\/wp\/v2\/tags?post=2594"}],"curies":[{"name":"wp","href":"https:\/\/api.w.org\/{rel}","templated":true}]}}