{"id":2494,"date":"2020-11-11T12:29:48","date_gmt":"2020-11-11T11:29:48","guid":{"rendered":"http:\/\/ecsevilla.org\/deportes\/?p=2494"},"modified":"2020-11-11T12:29:48","modified_gmt":"2020-11-11T11:29:48","slug":"cancelado-el-i-torneo-escolar-de-otono-ecs","status":"publish","type":"post","link":"http:\/\/ecsevilla.org\/deportes\/cancelado-el-i-torneo-escolar-de-otono-ecs\/","title":{"rendered":"Cancelado el I Torneo Escolar de Oto\u00f1o ECS"},"content":{"rendered":"<p><strong><a href=\"http:\/\/ecsevilla.org\/deportes\/wp-content\/uploads\/2018\/10\/barra-ecs-1.jpg\"><img loading=\"lazy\" decoding=\"async\" class=\"aligncenter size-full wp-image-2093\" src=\"http:\/\/ecsevilla.org\/deportes\/wp-content\/uploads\/2018\/10\/barra-ecs-1.jpg\" alt=\"barra ecs\" width=\"901\" height=\"29\" srcset=\"http:\/\/ecsevilla.org\/deportes\/wp-content\/uploads\/2018\/10\/barra-ecs-1.jpg 901w, http:\/\/ecsevilla.org\/deportes\/wp-content\/uploads\/2018\/10\/barra-ecs-1-300x10.jpg 300w, http:\/\/ecsevilla.org\/deportes\/wp-content\/uploads\/2018\/10\/barra-ecs-1-768x25.jpg 768w\" sizes=\"auto, (max-width: 901px) 100vw, 901px\" \/><\/a><\/strong><\/p>\n<p>&nbsp;<\/p>\n<p>&nbsp;<\/p>\n<p style=\"text-align: justify;\"><span style=\"font-family: arial, helvetica, sans-serif; font-size: 14pt;\"><a href=\"http:\/\/ecsevilla.org\/deportes\/wp-content\/uploads\/2020\/11\/img.jpg\"><img loading=\"lazy\" decoding=\"async\" class=\"alignright size-thumbnail wp-image-2495\" src=\"http:\/\/ecsevilla.org\/deportes\/wp-content\/uploads\/2020\/11\/img-150x150.jpg\" alt=\"\" width=\"150\" height=\"150\" srcset=\"http:\/\/ecsevilla.org\/deportes\/wp-content\/uploads\/2020\/11\/img-150x150.jpg 150w, http:\/\/ecsevilla.org\/deportes\/wp-content\/uploads\/2020\/11\/img-144x144.jpg 144w\" sizes=\"auto, (max-width: 150px) 100vw, 150px\" \/><\/a>Desde que convocamos el Torneo Escolar de Oto\u00f1o a d\u00eda de hoy, la situaci\u00f3n generada por la <\/span><span style=\"font-family: arial, helvetica, sans-serif; font-size: 14pt;\">pandemia ha empeorado, aumentando las cifras en todos los sentidos.<\/span><\/p>\n<p style=\"text-align: justify;\"><span style=\"font-family: arial, helvetica, sans-serif; font-size: 14pt;\">T<\/span><span style=\"font-family: arial, helvetica, sans-serif; font-size: 14pt;\">odo ello ha motivado que no s\u00f3lo contin\u00faen las medidas impuestas el pasado 30 de octubre <\/span><span style=\"font-family: arial, helvetica, sans-serif; font-size: 14pt;\">por la Junta de Andaluc\u00eda, sino que adem\u00e1s se ampl\u00eden las restricciones con la publicaci\u00f3n de <\/span><span style=\"font-family: arial, helvetica, sans-serif; font-size: 14pt;\">una nueva Orden el pasado 9 de noviembre, las cuales se mantendr\u00e1n en vigor al menos hasta <\/span><span style=\"font-family: arial, helvetica, sans-serif; font-size: 14pt;\">el d\u00eda 23 de noviembre.<\/span><\/p>\n<p style=\"text-align: justify;\"><span style=\"font-family: arial, helvetica, sans-serif; font-size: 14pt;\">A pesar de que la fecha en vigor de dichas restricciones no alcanza a\u00fan al inicio del torneo, <\/span><span style=\"font-family: arial, helvetica, sans-serif; font-size: 14pt;\">hemos decidido, dada la actual situaci\u00f3n y en un ejercicio de responsabilidad y prudencia, <\/span><span style=\"font-family: arial, helvetica, sans-serif; font-size: 14pt;\">cancelar el Torneo Escolar de Oto\u00f1o.<\/span><\/p>\n<p style=\"text-align: justify;\"><span style=\"font-family: arial, helvetica, sans-serif; font-size: 14pt;\">Aunque nuestra competici\u00f3n, dada su naturaleza, se trate de la m\u00e1s segura y preventiva en <\/span><span style=\"font-family: arial, helvetica, sans-serif; font-size: 14pt;\">cuanto a la posibilidad de contagio con respecto a las directrices elaboradas por la Consejer\u00eda <\/span><span style=\"font-family: arial, helvetica, sans-serif; font-size: 14pt;\">de Educaci\u00f3n y Deporte para los centros escolares en cuanto a los grupos estables o de <\/span><span style=\"font-family: arial, helvetica, sans-serif; font-size: 14pt;\">convivencia, actualmente las medidas y restricciones impuestas no tienen en cuenta dicha <\/span><span style=\"font-family: arial, helvetica, sans-serif; font-size: 14pt;\">realidad. Por tanto, nuestros esfuerzos ahora van encaminados a proseguir las gestiones <\/span><span style=\"font-family: arial, helvetica, sans-serif; font-size: 14pt;\">oportunas para hacer valer la singularidad e idiosincrasia de nuestra competici\u00f3n de cara a la <\/span><span style=\"font-family: arial, helvetica, sans-serif; font-size: 14pt;\">organizaci\u00f3n de unos Juegos Deportivos Escolares sin trabas, a comienzos del nuevo a\u00f1o.<\/span><\/p>\n<p>&nbsp;<\/p>\n<p>&nbsp;<\/p>\n<p><a href=\"http:\/\/ecsevilla.org\/deportes\/wp-content\/uploads\/2018\/10\/barra-ecs-1.jpg\"><img loading=\"lazy\" decoding=\"async\" class=\"aligncenter size-full wp-image-2093\" src=\"http:\/\/ecsevilla.org\/deportes\/wp-content\/uploads\/2018\/10\/barra-ecs-1.jpg\" alt=\"barra ecs\" width=\"901\" height=\"29\" srcset=\"http:\/\/ecsevilla.org\/deportes\/wp-content\/uploads\/2018\/10\/barra-ecs-1.jpg 901w, http:\/\/ecsevilla.org\/deportes\/wp-content\/uploads\/2018\/10\/barra-ecs-1-300x10.jpg 300w, http:\/\/ecsevilla.org\/deportes\/wp-content\/uploads\/2018\/10\/barra-ecs-1-768x25.jpg 768w\" sizes=\"auto, (max-width: 901px) 100vw, 901px\" \/><\/a><\/p>\n","protected":false},"excerpt":{"rendered":"<p>&nbsp; &nbsp; Desde que convocamos el Torneo Escolar de Oto\u00f1o a d\u00eda de hoy, la situaci\u00f3n generada por la pandemia ha empeorado, aumentando las cifras en todos los sentidos. Todo&hellip; <\/p>\n","protected":false},"author":214,"featured_media":2495,"comment_status":"closed","ping_status":"open","sticky":false,"template":"","format":"standard","meta":{"footnotes":""},"categories":[10],"tags":[],"class_list":["post-2494","post","type-post","status-publish","format-standard","has-post-thumbnail","hentry","category-noticias"],"_links":{"self":[{"href":"http:\/\/ecsevilla.org\/deportes\/wp-json\/wp\/v2\/posts\/2494","targetHints":{"allow":["GET"]}}],"collection":[{"href":"http:\/\/ecsevilla.org\/deportes\/wp-json\/wp\/v2\/posts"}],"about":[{"href":"http:\/\/ecsevilla.org\/deportes\/wp-json\/wp\/v2\/types\/post"}],"author":[{"embeddable":true,"href":"http:\/\/ecsevilla.org\/deportes\/wp-json\/wp\/v2\/users\/214"}],"replies":[{"embeddable":true,"href":"http:\/\/ecsevilla.org\/deportes\/wp-json\/wp\/v2\/comments?post=2494"}],"version-history":[{"count":1,"href":"http:\/\/ecsevilla.org\/deportes\/wp-json\/wp\/v2\/posts\/2494\/revisions"}],"predecessor-version":[{"id":2496,"href":"http:\/\/ecsevilla.org\/deportes\/wp-json\/wp\/v2\/posts\/2494\/revisions\/2496"}],"wp:featuredmedia":[{"embeddable":true,"href":"http:\/\/ecsevilla.org\/deportes\/wp-json\/wp\/v2\/media\/2495"}],"wp:attachment":[{"href":"http:\/\/ecsevilla.org\/deportes\/wp-json\/wp\/v2\/media?parent=2494"}],"wp:term":[{"taxonomy":"category","embeddable":true,"href":"http:\/\/ecsevilla.org\/deportes\/wp-json\/wp\/v2\/categories?post=2494"},{"taxonomy":"post_tag","embeddable":true,"href":"http:\/\/ecsevilla.org\/deportes\/wp-json\/wp\/v2\/tags?post=2494"}],"curies":[{"name":"wp","href":"https:\/\/api.w.org\/{rel}","templated":true}]}}