{"id":2312,"date":"2020-10-08T12:01:03","date_gmt":"2020-10-08T10:01:03","guid":{"rendered":"http:\/\/ecsevilla.org\/deportes\/?p=2312"},"modified":"2020-10-19T11:01:06","modified_gmt":"2020-10-19T09:01:06","slug":"los-xxx-juegos-deportivos-escolares-comenzaran-en-el-mes-de-enero-de-2021","status":"publish","type":"post","link":"http:\/\/ecsevilla.org\/deportes\/los-xxx-juegos-deportivos-escolares-comenzaran-en-el-mes-de-enero-de-2021\/","title":{"rendered":"Los XXX Juegos Deportivos Escolares comenzar\u00e1n en el mes de enero de 2021"},"content":{"rendered":"<p><strong><a href=\"http:\/\/ecsevilla.org\/deportes\/wp-content\/uploads\/2018\/10\/barra-ecs-1.jpg\"><img loading=\"lazy\" decoding=\"async\" class=\"aligncenter size-full wp-image-2093\" src=\"http:\/\/ecsevilla.org\/deportes\/wp-content\/uploads\/2018\/10\/barra-ecs-1.jpg\" alt=\"barra ecs\" width=\"901\" height=\"29\" srcset=\"http:\/\/ecsevilla.org\/deportes\/wp-content\/uploads\/2018\/10\/barra-ecs-1.jpg 901w, http:\/\/ecsevilla.org\/deportes\/wp-content\/uploads\/2018\/10\/barra-ecs-1-300x10.jpg 300w, http:\/\/ecsevilla.org\/deportes\/wp-content\/uploads\/2018\/10\/barra-ecs-1-768x25.jpg 768w\" sizes=\"auto, (max-width: 901px) 100vw, 901px\" \/><\/a><\/strong><\/p>\n<p>&nbsp;<\/p>\n<p style=\"text-align: justify;\"><span style=\"font-family: arial, helvetica, sans-serif; font-size: 14pt;\"><a href=\"http:\/\/ecsevilla.org\/deportes\/wp-content\/uploads\/2020\/10\/2019-06-08-10.42.55-scaled.jpg\"><img loading=\"lazy\" decoding=\"async\" class=\"alignright size-thumbnail wp-image-2420\" src=\"http:\/\/ecsevilla.org\/deportes\/wp-content\/uploads\/2020\/10\/2019-06-08-10.42.55-150x150.jpg\" alt=\"\" width=\"150\" height=\"150\" srcset=\"http:\/\/ecsevilla.org\/deportes\/wp-content\/uploads\/2020\/10\/2019-06-08-10.42.55-150x150.jpg 150w, http:\/\/ecsevilla.org\/deportes\/wp-content\/uploads\/2020\/10\/2019-06-08-10.42.55-144x144.jpg 144w\" sizes=\"auto, (max-width: 150px) 100vw, 150px\" \/><\/a>Desde el Departamento De Deporte Escolar Y Valores esperamos que tanto t\u00fa como tu familia os encontr\u00e9is bien y asimismo deseo que la situaci\u00f3n que nos acompa\u00f1a desde el pasado mes de marzo te afecte lo menos posible en tu d\u00eda a d\u00eda.<\/span><\/p>\n<p style=\"text-align: justify;\"><span style=\"font-family: arial, helvetica, sans-serif; font-size: 14pt;\">Ponemos a vuestra disposici\u00f3n nueva informaci\u00f3n al respecto de los Juegos Deportivos Escolares de esta edici\u00f3n.<\/span><\/p>\n<p style=\"text-align: justify;\"><span style=\"font-family: arial, helvetica, sans-serif; font-size: 14pt;\">En el mes de julio desde el departamento de Deporte Escolar estuvimos trabajando a conciencia para preparar esta edici\u00f3n, una temporada particular. La situaci\u00f3n vivida en el \u00faltimo trimestre del curso pasado, hac\u00eda necesario planificar medidas que permitieran retomar la actividad deportiva en el curso escolar 2020-2021, atendiendo a esta nueva realidad.<\/span><\/p>\n<p style=\"text-align: justify;\"><span style=\"font-family: arial, helvetica, sans-serif; font-size: 14pt;\">Para ello valoramos los distintos escenarios que preve\u00edamos podr\u00edan darse, elaboramos un protocolo COVID espec\u00edfico para los Juegos, planificamos distintos sistemas de competici\u00f3n y modificamos normativas internas y externas asumiendo la llegada de un nuevo contexto.<\/span><\/p>\n<p style=\"text-align: justify;\"><span style=\"font-family: arial, helvetica, sans-serif; font-size: 14pt;\">Una vez iniciado el curso, en el mes de septiembre, hemos procedido a modificar el protocolo COVID con motivo de las nuevas medidas implantadas por la Consejer\u00eda de Educaci\u00f3n y Deporte, y decidimos programar el proceso de inicio de los Juegos seg\u00fan lo trabajado durante todo este tiempo.<\/span><\/p>\n<p style=\"text-align: justify;\"><span style=\"font-family: arial, helvetica, sans-serif; font-size: 14pt;\">Por parte de los Centros, la informaci\u00f3n que nos han ido trasladando los Coordinadores atiende a que un buen n\u00famero de Colegios han decidido no organizar actividades extraescolares por ahora; algunos han decidido ofertarlas sin competici\u00f3n y otros ya est\u00e1n disfrutando de dichas actividades e incluso nos han trasladado la intenci\u00f3n de seguir participando esta temporada en los Juegos ECS.<\/span><\/p>\n<p style=\"text-align: justify;\"><span style=\"font-family: arial, helvetica, sans-serif; font-size: 14pt;\">Dada la situaci\u00f3n actual, desde Escuelas Cat\u00f3licas hemos decidido programar el inicio de los XXX Juegos Deportivos Escolares para el mes de enero. Del mismo modo, para aquellos Centros que han ofertado actividades extraescolares en este primer trimestre, se convocar\u00e1 un torneo, de modo que puedan competir los meses de noviembre y diciembre. La semana que viene recibir\u00e1n una circular con toda la informaci\u00f3n al respecto.<\/span><\/p>\n<p style=\"text-align: justify;\"><span style=\"font-family: arial, helvetica, sans-serif; font-size: 14pt;\">Creemos que esta planificaci\u00f3n es la m\u00e1s acorde para nuestros participantes, los colegios.<\/span><\/p>\n<p style=\"text-align: justify;\"><span style=\"font-family: arial, helvetica, sans-serif; font-size: 14pt;\">Las 29 ediciones celebradas merecen que no faltemos a la cita de convocar una nueva temporada. Los colegios que ya han echado a rodar el bal\u00f3n en sus patios merecen que sigamos atendiendo su ilusi\u00f3n y disponibilidad por seguir recibiendo un servicio que consideran tan necesario. Y los colegios que han decidido darse un margen de tiempo merecen que esperemos junto a ellos a que baje la marea, de modo que cuando llegue el momento, en enero si Dios quiere, todos podamos compartir y disfrutar una pr\u00f3xima pleamar llena de alegr\u00eda, esfuerzo, trabajo, cari\u00f1o, esperanza, compromiso y dem\u00e1s valores que a\u00f1os tras a\u00f1o se fomentan entre los participantes de <\/span><span style=\"font-family: arial, helvetica, sans-serif; font-size: 14pt;\">los Juegos Deportivos Escolares.<\/span><\/p>\n<p>&nbsp;<\/p>\n<p><a href=\"http:\/\/ecsevilla.org\/deportes\/wp-content\/uploads\/2018\/10\/barra-ecs-1.jpg\"><img loading=\"lazy\" decoding=\"async\" class=\"aligncenter size-full wp-image-2093\" src=\"http:\/\/ecsevilla.org\/deportes\/wp-content\/uploads\/2018\/10\/barra-ecs-1.jpg\" alt=\"barra ecs\" width=\"901\" height=\"29\" srcset=\"http:\/\/ecsevilla.org\/deportes\/wp-content\/uploads\/2018\/10\/barra-ecs-1.jpg 901w, http:\/\/ecsevilla.org\/deportes\/wp-content\/uploads\/2018\/10\/barra-ecs-1-300x10.jpg 300w, http:\/\/ecsevilla.org\/deportes\/wp-content\/uploads\/2018\/10\/barra-ecs-1-768x25.jpg 768w\" sizes=\"auto, (max-width: 901px) 100vw, 901px\" \/><\/a><\/p>\n<p>&nbsp;<\/p>\n<p>&nbsp;<\/p>\n","protected":false},"excerpt":{"rendered":"<p>&nbsp; Desde el Departamento De Deporte Escolar Y Valores esperamos que tanto t\u00fa como tu familia os encontr\u00e9is bien y asimismo deseo que la situaci\u00f3n que nos acompa\u00f1a desde el&hellip; <\/p>\n","protected":false},"author":214,"featured_media":2420,"comment_status":"closed","ping_status":"open","sticky":false,"template":"","format":"standard","meta":{"footnotes":""},"categories":[10],"tags":[],"class_list":["post-2312","post","type-post","status-publish","format-standard","has-post-thumbnail","hentry","category-noticias"],"_links":{"self":[{"href":"http:\/\/ecsevilla.org\/deportes\/wp-json\/wp\/v2\/posts\/2312","targetHints":{"allow":["GET"]}}],"collection":[{"href":"http:\/\/ecsevilla.org\/deportes\/wp-json\/wp\/v2\/posts"}],"about":[{"href":"http:\/\/ecsevilla.org\/deportes\/wp-json\/wp\/v2\/types\/post"}],"author":[{"embeddable":true,"href":"http:\/\/ecsevilla.org\/deportes\/wp-json\/wp\/v2\/users\/214"}],"replies":[{"embeddable":true,"href":"http:\/\/ecsevilla.org\/deportes\/wp-json\/wp\/v2\/comments?post=2312"}],"version-history":[{"count":8,"href":"http:\/\/ecsevilla.org\/deportes\/wp-json\/wp\/v2\/posts\/2312\/revisions"}],"predecessor-version":[{"id":2474,"href":"http:\/\/ecsevilla.org\/deportes\/wp-json\/wp\/v2\/posts\/2312\/revisions\/2474"}],"wp:featuredmedia":[{"embeddable":true,"href":"http:\/\/ecsevilla.org\/deportes\/wp-json\/wp\/v2\/media\/2420"}],"wp:attachment":[{"href":"http:\/\/ecsevilla.org\/deportes\/wp-json\/wp\/v2\/media?parent=2312"}],"wp:term":[{"taxonomy":"category","embeddable":true,"href":"http:\/\/ecsevilla.org\/deportes\/wp-json\/wp\/v2\/categories?post=2312"},{"taxonomy":"post_tag","embeddable":true,"href":"http:\/\/ecsevilla.org\/deportes\/wp-json\/wp\/v2\/tags?post=2312"}],"curies":[{"name":"wp","href":"https:\/\/api.w.org\/{rel}","templated":true}]}}