{"id":2295,"date":"2020-09-01T23:45:35","date_gmt":"2020-09-01T21:45:35","guid":{"rendered":"http:\/\/ecsevilla.org\/deportes\/?p=2295"},"modified":"2020-10-15T12:35:22","modified_gmt":"2020-10-15T10:35:22","slug":"un-septiembre-distinto","status":"publish","type":"post","link":"http:\/\/ecsevilla.org\/deportes\/un-septiembre-distinto\/","title":{"rendered":"Un septiembre distinto"},"content":{"rendered":"<p style=\"text-align: justify;\"><a href=\"http:\/\/ecsevilla.org\/deportes\/wp-content\/uploads\/2020\/09\/DSC_0384-scaled.jpg\"><img loading=\"lazy\" decoding=\"async\" class=\"wp-image-2296 alignright\" src=\"http:\/\/ecsevilla.org\/deportes\/wp-content\/uploads\/2020\/09\/DSC_0384-scaled-e1598996047231-150x150.jpg\" alt=\"\" width=\"209\" height=\"209\" srcset=\"http:\/\/ecsevilla.org\/deportes\/wp-content\/uploads\/2020\/09\/DSC_0384-scaled-e1598996047231-150x150.jpg 150w, http:\/\/ecsevilla.org\/deportes\/wp-content\/uploads\/2020\/09\/DSC_0384-scaled-e1598996047231-144x144.jpg 144w\" sizes=\"auto, (max-width: 209px) 100vw, 209px\" \/><\/a><span style=\"font-family: arial, helvetica, sans-serif; font-size: 14pt;\">Hoy iniciamos un nuevo curso deportivo, pero ser\u00e1 un septiembre distinto. Con enorme pesar hemos de comunicar la irremediable y repentina p\u00e9rdida de Justo G\u00f3mez-Serranillos \u00c1vila, quien hasta la fecha ostentaba el cargo de Presidente del Comit\u00e9 de Competici\u00f3n de los Juegos Deportivos Escolares.<\/span><\/p>\n<p style=\"text-align: justify;\"><span style=\"font-family: arial, helvetica, sans-serif; font-size: 14pt;\">Justo se enrol\u00f3 en este proyecto pr\u00e1cticamente desde sus inicios. Formaba parte de ese grupo de coordinadores que altruistamente gestionaban la\u00a0competici\u00f3n de Educaci\u00f3n y Gesti\u00f3n en la d\u00e9cada de los 90. Un equipo de trabajo que con\u00a0esfuerzo y tes\u00f3n sent\u00f3 las bases de los Juegos que conocemos hoy d\u00eda. En a\u00f1os sucesivos, ya inmersos en el siglo XXI, parte de estos colaboradores, por diferentes motivos, tuvieron que desvincularse de los Juegos, reduci\u00e9ndose de este modo el grupo de personas dedicadas a la organizaci\u00f3n de la competici\u00f3n. La instituci\u00f3n tuvo que adecuarse mediante la profesionalizaci\u00f3n y la adquisici\u00f3n de un programa de gesti\u00f3n inform\u00e1tico, generando de este modo una nueva etapa.<\/span><\/p>\n<p style=\"text-align: justify;\">\n<p style=\"text-align: justify;\"><span style=\"font-family: arial, helvetica, sans-serif; font-size: 14pt;\">Un nuevo periodo en el que nuestro siempre dispuesto Justo continuar\u00eda su estrecha colaboraci\u00f3n con los Juegos. Su vinculaci\u00f3n con algunos aspectos del \u00e1mbito legislativo y su amor por el deporte escolar decantaron la balanza para nombrarlo miembro del Comit\u00e9 de Competici\u00f3n, cargo que ostent\u00f3 en todo momento sin remuneraci\u00f3n, por expreso deseo personal y demostrada vocaci\u00f3n de servicio para la causa. Su experiencia en el cargo durante a\u00f1os, as\u00ed como su dedicaci\u00f3n en el estudio pormenorizado de cada caso, adaptando las resoluciones con la fidelidad necesaria a la normativa como herramienta, as\u00ed como la imparcialidad requerida que demostraba, generaban enorme tranquilidad y seguridad en los miembros del Comit\u00e9.<\/span><\/p>\n<p style=\"text-align: justify;\"><span style=\"font-family: arial, helvetica, sans-serif; font-size: 14pt;\">Hombre sol\u00edcito, atento, servicial, seguro, positivo, afectuoso, alegre y generoso a m\u00e1s no poder son algunas de las credenciales que enmarcan la personalidad de Justo. Nos deja un vac\u00edo enorme, el de su persona, que ya sentimos con profunda tristeza. Pero nos queda su sello, perpetuado en una permanente sonrisa a la vida, su esp\u00edritu jocoso y la sabidur\u00eda de sus consejos.<\/span><\/p>\n<p style=\"text-align: justify;\"><span style=\"font-family: arial, helvetica, sans-serif; font-size: 14pt;\">En este mismo momento, <em>ni m\u00e1s ni menos<\/em>, <em>justo<\/em> ahora, terminando de releer estas l\u00edneas, con el \u00e1nimo que lo caracteriza, acaba de susurrarme al o\u00eddo: \u201cSer\u00e1 un septiembre distinto, pero hoy iniciamos un nuevo curso deportivo\u201d.<\/span><\/p>\n<p style=\"text-align: justify;\"><span style=\"font-family: arial, helvetica, sans-serif; font-size: 14pt;\">Un fuerte abrazo, querido amigo.<\/span><\/p>\n","protected":false},"excerpt":{"rendered":"<p>Hoy iniciamos un nuevo curso deportivo, pero ser\u00e1 un septiembre distinto. Con enorme pesar hemos de comunicar la irremediable y repentina p\u00e9rdida de Justo G\u00f3mez-Serranillos \u00c1vila, quien hasta la fecha&hellip; <\/p>\n","protected":false},"author":214,"featured_media":2296,"comment_status":"closed","ping_status":"open","sticky":false,"template":"","format":"standard","meta":{"footnotes":""},"categories":[10],"tags":[],"class_list":["post-2295","post","type-post","status-publish","format-standard","has-post-thumbnail","hentry","category-noticias"],"_links":{"self":[{"href":"http:\/\/ecsevilla.org\/deportes\/wp-json\/wp\/v2\/posts\/2295","targetHints":{"allow":["GET"]}}],"collection":[{"href":"http:\/\/ecsevilla.org\/deportes\/wp-json\/wp\/v2\/posts"}],"about":[{"href":"http:\/\/ecsevilla.org\/deportes\/wp-json\/wp\/v2\/types\/post"}],"author":[{"embeddable":true,"href":"http:\/\/ecsevilla.org\/deportes\/wp-json\/wp\/v2\/users\/214"}],"replies":[{"embeddable":true,"href":"http:\/\/ecsevilla.org\/deportes\/wp-json\/wp\/v2\/comments?post=2295"}],"version-history":[{"count":4,"href":"http:\/\/ecsevilla.org\/deportes\/wp-json\/wp\/v2\/posts\/2295\/revisions"}],"predecessor-version":[{"id":2442,"href":"http:\/\/ecsevilla.org\/deportes\/wp-json\/wp\/v2\/posts\/2295\/revisions\/2442"}],"wp:featuredmedia":[{"embeddable":true,"href":"http:\/\/ecsevilla.org\/deportes\/wp-json\/wp\/v2\/media\/2296"}],"wp:attachment":[{"href":"http:\/\/ecsevilla.org\/deportes\/wp-json\/wp\/v2\/media?parent=2295"}],"wp:term":[{"taxonomy":"category","embeddable":true,"href":"http:\/\/ecsevilla.org\/deportes\/wp-json\/wp\/v2\/categories?post=2295"},{"taxonomy":"post_tag","embeddable":true,"href":"http:\/\/ecsevilla.org\/deportes\/wp-json\/wp\/v2\/tags?post=2295"}],"curies":[{"name":"wp","href":"https:\/\/api.w.org\/{rel}","templated":true}]}}