{"id":2287,"date":"2020-09-01T12:18:17","date_gmt":"2020-09-01T10:18:17","guid":{"rendered":"http:\/\/ecsevilla.org\/deportes\/?p=2287"},"modified":"2020-11-12T11:18:27","modified_gmt":"2020-11-12T10:18:27","slug":"bienvenidos-a-la-nueva-temporada-2020-2021","status":"publish","type":"post","link":"http:\/\/ecsevilla.org\/deportes\/bienvenidos-a-la-nueva-temporada-2020-2021\/","title":{"rendered":"\u00a1Bienvenidos a la temporada 2020-2021!"},"content":{"rendered":"<p><a href=\"http:\/\/ecsevilla.org\/deportes\/wp-content\/uploads\/2018\/10\/barra-ecs-1.jpg\"><img loading=\"lazy\" decoding=\"async\" class=\"aligncenter size-full wp-image-2093\" src=\"http:\/\/ecsevilla.org\/deportes\/wp-content\/uploads\/2018\/10\/barra-ecs-1.jpg\" alt=\"barra ecs\" width=\"901\" height=\"29\" srcset=\"http:\/\/ecsevilla.org\/deportes\/wp-content\/uploads\/2018\/10\/barra-ecs-1.jpg 901w, http:\/\/ecsevilla.org\/deportes\/wp-content\/uploads\/2018\/10\/barra-ecs-1-300x10.jpg 300w, http:\/\/ecsevilla.org\/deportes\/wp-content\/uploads\/2018\/10\/barra-ecs-1-768x25.jpg 768w\" sizes=\"auto, (max-width: 901px) 100vw, 901px\" \/><\/a><\/p>\n<p>&nbsp;<\/p>\n<p><span style=\"font-family: arial, helvetica, sans-serif; font-size: 14pt;\"><a href=\"http:\/\/ecsevilla.org\/deportes\/wp-content\/uploads\/2020\/09\/IMG_9663-scaled.jpg\"><img loading=\"lazy\" decoding=\"async\" class=\"alignright size-thumbnail wp-image-2497\" src=\"http:\/\/ecsevilla.org\/deportes\/wp-content\/uploads\/2020\/09\/IMG_9663-150x150.jpg\" alt=\"\" width=\"150\" height=\"150\" srcset=\"http:\/\/ecsevilla.org\/deportes\/wp-content\/uploads\/2020\/09\/IMG_9663-150x150.jpg 150w, http:\/\/ecsevilla.org\/deportes\/wp-content\/uploads\/2020\/09\/IMG_9663-144x144.jpg 144w\" sizes=\"auto, (max-width: 150px) 100vw, 150px\" \/><\/a>Estimados amigos,<\/span><\/p>\n<p><span style=\"font-family: arial, helvetica, sans-serif; font-size: 14pt;\">Desde hoy comienza oficialmente la temporada 2020-2021, en la que celebraremos la XXX edici\u00f3n de los Juegos Deportivos Escolares, que si bien ser\u00e1 algo diferente, seguir\u00e1 apostando por el fomento y difusi\u00f3n de los valores positivos a trav\u00e9s del deporte en los colegios.<\/span><\/p>\n<p><span style=\"font-family: arial, helvetica, sans-serif; font-size: 14pt;\">Desde el Departamento De Deporte Escolar y Valores llevamos trabajando en los \u00faltimos meses en garantizar una competici\u00f3n segura y con ello, minimizar los riesgos de contagio del COVID-19. Por ello, en las pr\u00f3ximas semanas os haremos llegar un protocolo general que atiende a las recomendaciones sanitarias exigidas por las distintas administraciones p\u00fablicas.<\/span><\/p>\n<p><span style=\"font-family: arial, helvetica, sans-serif; font-size: 14pt;\">Adem\u00e1s, seguimos en la l\u00ednea de ofrecer mejoras en la gesti\u00f3n de la competici\u00f3n, en la que podemos adelantar, entre otras, la presentaci\u00f3n en los encuentros de un modelo oficial de licencia de equipo en formato digital y una formaci\u00f3n continua para los componentes de las distintas escuelas arbitrales. Muy pronto os detallaremos estas novedades y os ofreceremos algunas m\u00e1s.<\/span><\/p>\n<p><span style=\"font-family: arial, helvetica, sans-serif; font-size: 14pt;\">El inicio de la competici\u00f3n est\u00e1 previsto para el mi\u00e9rcoles 11 de noviembre. Previo a ello, los plazos de inscripci\u00f3n ser\u00e1n comunicados a trav\u00e9s de la convocatoria oficial de la competici\u00f3n, que ser\u00e1 publicada en nuestra p\u00e1gina web en los pr\u00f3ximos d\u00edas.<\/span><\/p>\n<p><span style=\"font-family: arial, helvetica, sans-serif; font-size: 14pt;\">Deseamos que muy pronto podamos vernos y disfrutar de esta competici\u00f3n deportiva que tan buena acogida recibe en nuestros centros escolares.<\/span><\/p>\n<p style=\"text-align: justify;\"><span style=\"font-family: arial, helvetica, sans-serif; font-size: 14pt;\">Sin m\u00e1s, recibid un cordial saludo.<\/span><\/p>\n<p>&nbsp;<\/p>\n<p><a href=\"http:\/\/ecsevilla.org\/deportes\/wp-content\/uploads\/2018\/10\/barra-ecs-1.jpg\"><img loading=\"lazy\" decoding=\"async\" class=\"aligncenter size-full wp-image-2093\" src=\"http:\/\/ecsevilla.org\/deportes\/wp-content\/uploads\/2018\/10\/barra-ecs-1.jpg\" alt=\"barra ecs\" width=\"901\" height=\"29\" srcset=\"http:\/\/ecsevilla.org\/deportes\/wp-content\/uploads\/2018\/10\/barra-ecs-1.jpg 901w, http:\/\/ecsevilla.org\/deportes\/wp-content\/uploads\/2018\/10\/barra-ecs-1-300x10.jpg 300w, http:\/\/ecsevilla.org\/deportes\/wp-content\/uploads\/2018\/10\/barra-ecs-1-768x25.jpg 768w\" sizes=\"auto, (max-width: 901px) 100vw, 901px\" \/><\/a><\/p>\n","protected":false},"excerpt":{"rendered":"<p>&nbsp; Estimados amigos, Desde hoy comienza oficialmente la temporada 2020-2021, en la que celebraremos la XXX edici\u00f3n de los Juegos Deportivos Escolares, que si bien ser\u00e1 algo diferente, seguir\u00e1 apostando&hellip; <\/p>\n","protected":false},"author":214,"featured_media":2497,"comment_status":"closed","ping_status":"open","sticky":false,"template":"","format":"standard","meta":{"footnotes":""},"categories":[10],"tags":[],"class_list":["post-2287","post","type-post","status-publish","format-standard","has-post-thumbnail","hentry","category-noticias"],"_links":{"self":[{"href":"http:\/\/ecsevilla.org\/deportes\/wp-json\/wp\/v2\/posts\/2287","targetHints":{"allow":["GET"]}}],"collection":[{"href":"http:\/\/ecsevilla.org\/deportes\/wp-json\/wp\/v2\/posts"}],"about":[{"href":"http:\/\/ecsevilla.org\/deportes\/wp-json\/wp\/v2\/types\/post"}],"author":[{"embeddable":true,"href":"http:\/\/ecsevilla.org\/deportes\/wp-json\/wp\/v2\/users\/214"}],"replies":[{"embeddable":true,"href":"http:\/\/ecsevilla.org\/deportes\/wp-json\/wp\/v2\/comments?post=2287"}],"version-history":[{"count":5,"href":"http:\/\/ecsevilla.org\/deportes\/wp-json\/wp\/v2\/posts\/2287\/revisions"}],"predecessor-version":[{"id":2498,"href":"http:\/\/ecsevilla.org\/deportes\/wp-json\/wp\/v2\/posts\/2287\/revisions\/2498"}],"wp:featuredmedia":[{"embeddable":true,"href":"http:\/\/ecsevilla.org\/deportes\/wp-json\/wp\/v2\/media\/2497"}],"wp:attachment":[{"href":"http:\/\/ecsevilla.org\/deportes\/wp-json\/wp\/v2\/media?parent=2287"}],"wp:term":[{"taxonomy":"category","embeddable":true,"href":"http:\/\/ecsevilla.org\/deportes\/wp-json\/wp\/v2\/categories?post=2287"},{"taxonomy":"post_tag","embeddable":true,"href":"http:\/\/ecsevilla.org\/deportes\/wp-json\/wp\/v2\/tags?post=2287"}],"curies":[{"name":"wp","href":"https:\/\/api.w.org\/{rel}","templated":true}]}}