{"id":2245,"date":"2019-10-03T19:58:26","date_gmt":"2019-10-03T17:58:26","guid":{"rendered":"http:\/\/ecsevilla.org\/deportes\/?p=2245"},"modified":"2019-10-03T19:58:26","modified_gmt":"2019-10-03T17:58:26","slug":"campana-de-recogida-de-alimentos-2019","status":"publish","type":"post","link":"http:\/\/ecsevilla.org\/deportes\/campana-de-recogida-de-alimentos-2019\/","title":{"rendered":"Campa\u00f1a de recogida de alimentos 2019"},"content":{"rendered":"<p><a href=\"http:\/\/ecsevilla.org\/deportes\/wp-content\/uploads\/2018\/10\/barra-ecs-1.jpg\"><img loading=\"lazy\" decoding=\"async\" class=\"aligncenter size-full wp-image-2093\" src=\"http:\/\/ecsevilla.org\/deportes\/wp-content\/uploads\/2018\/10\/barra-ecs-1.jpg\" alt=\"barra ecs\" width=\"901\" height=\"29\" srcset=\"http:\/\/ecsevilla.org\/deportes\/wp-content\/uploads\/2018\/10\/barra-ecs-1.jpg 901w, http:\/\/ecsevilla.org\/deportes\/wp-content\/uploads\/2018\/10\/barra-ecs-1-300x10.jpg 300w, http:\/\/ecsevilla.org\/deportes\/wp-content\/uploads\/2018\/10\/barra-ecs-1-768x25.jpg 768w\" sizes=\"auto, (max-width: 901px) 100vw, 901px\" \/><\/a><\/p>\n<p>&nbsp;<\/p>\n<p style=\"text-align: justify;\"><a href=\"http:\/\/ecsevilla.org\/deportes\/wp-content\/uploads\/2019\/10\/logo-reco-1.jpg\"><img loading=\"lazy\" decoding=\"async\" class=\"alignright  wp-image-2247\" src=\"http:\/\/ecsevilla.org\/deportes\/wp-content\/uploads\/2019\/10\/logo-reco-1.jpg\" alt=\"\" width=\"237\" height=\"198\" srcset=\"http:\/\/ecsevilla.org\/deportes\/wp-content\/uploads\/2019\/10\/logo-reco-1.jpg 592w, http:\/\/ecsevilla.org\/deportes\/wp-content\/uploads\/2019\/10\/logo-reco-1-300x251.jpg 300w\" sizes=\"auto, (max-width: 237px) 100vw, 237px\" \/><\/a>Desde el \u00c1rea de Deporte Escolar y Valores, presentamos la II Edici\u00f3n de la Campa\u00f1a de Recogida de Alimentos, con la que pretendemos reunir alimentos no perecederos que se destinar\u00e1n a cubrir las necesidades b\u00e1sicas de colectivos en situaci\u00f3n de precariedad econ\u00f3mica.<\/p>\n<p>Esta campa\u00f1a se hace coincidir con los cursos de formaci\u00f3n arbitral de cada una de las modalidades deportivas que ofertamos, y en la que invitaremos a los cursillistas a entregar al menos 2kg de comida no perecedera en el momento de hacer entrega de su examen arbitral.<\/p>\n<p>Nos encontramos muy ilusionados de poder superar en esta segunda edici\u00f3n la cantidad de 200kg, cantidad que nos hemos propuesto como objetivo a entregar a alguna organizaci\u00f3n cat\u00f3lica que trabaje con los m\u00e1s desfavorecidos.<\/p>\n<p>&nbsp;<\/p>\n<h4 style=\"text-align: center;\"><\/h4>\n<p>&nbsp;<\/p>\n<p><a href=\"http:\/\/ecsevilla.org\/deportes\/wp-content\/uploads\/2018\/10\/barra-ecs-1.jpg\"><img loading=\"lazy\" decoding=\"async\" class=\"aligncenter size-full wp-image-2093\" src=\"http:\/\/ecsevilla.org\/deportes\/wp-content\/uploads\/2018\/10\/barra-ecs-1.jpg\" alt=\"barra ecs\" width=\"901\" height=\"29\" srcset=\"http:\/\/ecsevilla.org\/deportes\/wp-content\/uploads\/2018\/10\/barra-ecs-1.jpg 901w, http:\/\/ecsevilla.org\/deportes\/wp-content\/uploads\/2018\/10\/barra-ecs-1-300x10.jpg 300w, http:\/\/ecsevilla.org\/deportes\/wp-content\/uploads\/2018\/10\/barra-ecs-1-768x25.jpg 768w\" sizes=\"auto, (max-width: 901px) 100vw, 901px\" \/><\/a><\/p>\n","protected":false},"excerpt":{"rendered":"<p>&nbsp; Desde el \u00c1rea de Deporte Escolar y Valores, presentamos la II Edici\u00f3n de la Campa\u00f1a de Recogida de Alimentos, con la que pretendemos reunir alimentos no perecederos que se&hellip; <\/p>\n","protected":false},"author":214,"featured_media":2247,"comment_status":"closed","ping_status":"open","sticky":false,"template":"","format":"standard","meta":{"footnotes":""},"categories":[10],"tags":[],"class_list":["post-2245","post","type-post","status-publish","format-standard","has-post-thumbnail","hentry","category-noticias"],"_links":{"self":[{"href":"http:\/\/ecsevilla.org\/deportes\/wp-json\/wp\/v2\/posts\/2245","targetHints":{"allow":["GET"]}}],"collection":[{"href":"http:\/\/ecsevilla.org\/deportes\/wp-json\/wp\/v2\/posts"}],"about":[{"href":"http:\/\/ecsevilla.org\/deportes\/wp-json\/wp\/v2\/types\/post"}],"author":[{"embeddable":true,"href":"http:\/\/ecsevilla.org\/deportes\/wp-json\/wp\/v2\/users\/214"}],"replies":[{"embeddable":true,"href":"http:\/\/ecsevilla.org\/deportes\/wp-json\/wp\/v2\/comments?post=2245"}],"version-history":[{"count":1,"href":"http:\/\/ecsevilla.org\/deportes\/wp-json\/wp\/v2\/posts\/2245\/revisions"}],"predecessor-version":[{"id":2248,"href":"http:\/\/ecsevilla.org\/deportes\/wp-json\/wp\/v2\/posts\/2245\/revisions\/2248"}],"wp:featuredmedia":[{"embeddable":true,"href":"http:\/\/ecsevilla.org\/deportes\/wp-json\/wp\/v2\/media\/2247"}],"wp:attachment":[{"href":"http:\/\/ecsevilla.org\/deportes\/wp-json\/wp\/v2\/media?parent=2245"}],"wp:term":[{"taxonomy":"category","embeddable":true,"href":"http:\/\/ecsevilla.org\/deportes\/wp-json\/wp\/v2\/categories?post=2245"},{"taxonomy":"post_tag","embeddable":true,"href":"http:\/\/ecsevilla.org\/deportes\/wp-json\/wp\/v2\/tags?post=2245"}],"curies":[{"name":"wp","href":"https:\/\/api.w.org\/{rel}","templated":true}]}}