{"id":1831,"date":"2016-07-21T10:32:27","date_gmt":"2016-07-21T08:32:27","guid":{"rendered":"http:\/\/ecsevilla.org\/deportes\/?p=1831"},"modified":"2021-07-08T09:46:42","modified_gmt":"2021-07-08T07:46:42","slug":"memoria-deportiva-2015-2016","status":"publish","type":"post","link":"http:\/\/ecsevilla.org\/deportes\/memoria-deportiva-2015-2016\/","title":{"rendered":"Memoria Deportiva 2015-2016"},"content":{"rendered":"<p><a href=\"http:\/\/ecsevilla.org\/deportes\/wp-content\/uploads\/2016\/07\/portadamemoria1516.jpg\"><img loading=\"lazy\" decoding=\"async\" class=\"alignright size-medium wp-image-1832\" src=\"http:\/\/ecsevilla.org\/deportes\/wp-content\/uploads\/2016\/07\/portadamemoria1516-211x300.jpg\" alt=\"portadamemoria1516\" width=\"211\" height=\"300\" srcset=\"http:\/\/ecsevilla.org\/deportes\/wp-content\/uploads\/2016\/07\/portadamemoria1516-211x300.jpg 211w, http:\/\/ecsevilla.org\/deportes\/wp-content\/uploads\/2016\/07\/portadamemoria1516.jpg 457w\" sizes=\"auto, (max-width: 211px) 100vw, 211px\" \/><\/a>Una vez finalizada la temporada, les ofrecemos la memoria deportiva del curso 2015-2016, que recoge los datos estad\u00edsticos de participaci\u00f3n por centros y por deportes, junto con la totalidad de las clasificaciones y cuadros de competici\u00f3n de las distintas fases. Asimismo, se detallan los encuentros disputados en la jornada de clausura y la participaci\u00f3n de los equipos en los Juegos Nacionales Escolares.<\/p>\n<p>Para descargar el archivo solo tienen que pinchar en el siguiente enlace:<\/p>\n<p><a href=\"http:\/\/ecsevilla.org\/documentacion_deportes\/archivo\/memoria2015-16.pdf\"><strong><span style=\"color: #0000ff;\">Memoria Deportiva 2015-2016<\/span><\/strong><\/a><\/p>\n<p>Esperamos que el documento sea de su agrado y podamos contar con su participaci\u00f3n en la pr\u00f3xima temporada.<\/p>\n","protected":false},"excerpt":{"rendered":"<p>Una vez finalizada la temporada, les ofrecemos la memoria deportiva del curso 2015-2016, que recoge los datos estad\u00edsticos de participaci\u00f3n por centros y por deportes, junto con la totalidad de&hellip; <\/p>\n","protected":false},"author":214,"featured_media":1832,"comment_status":"closed","ping_status":"open","sticky":false,"template":"","format":"standard","meta":{"footnotes":""},"categories":[13],"tags":[27],"class_list":["post-1831","post","type-post","status-publish","format-standard","has-post-thumbnail","hentry","category-documentacion","tag-memoria-deportiva"],"_links":{"self":[{"href":"http:\/\/ecsevilla.org\/deportes\/wp-json\/wp\/v2\/posts\/1831","targetHints":{"allow":["GET"]}}],"collection":[{"href":"http:\/\/ecsevilla.org\/deportes\/wp-json\/wp\/v2\/posts"}],"about":[{"href":"http:\/\/ecsevilla.org\/deportes\/wp-json\/wp\/v2\/types\/post"}],"author":[{"embeddable":true,"href":"http:\/\/ecsevilla.org\/deportes\/wp-json\/wp\/v2\/users\/214"}],"replies":[{"embeddable":true,"href":"http:\/\/ecsevilla.org\/deportes\/wp-json\/wp\/v2\/comments?post=1831"}],"version-history":[{"count":3,"href":"http:\/\/ecsevilla.org\/deportes\/wp-json\/wp\/v2\/posts\/1831\/revisions"}],"predecessor-version":[{"id":1837,"href":"http:\/\/ecsevilla.org\/deportes\/wp-json\/wp\/v2\/posts\/1831\/revisions\/1837"}],"wp:featuredmedia":[{"embeddable":true,"href":"http:\/\/ecsevilla.org\/deportes\/wp-json\/wp\/v2\/media\/1832"}],"wp:attachment":[{"href":"http:\/\/ecsevilla.org\/deportes\/wp-json\/wp\/v2\/media?parent=1831"}],"wp:term":[{"taxonomy":"category","embeddable":true,"href":"http:\/\/ecsevilla.org\/deportes\/wp-json\/wp\/v2\/categories?post=1831"},{"taxonomy":"post_tag","embeddable":true,"href":"http:\/\/ecsevilla.org\/deportes\/wp-json\/wp\/v2\/tags?post=1831"}],"curies":[{"name":"wp","href":"https:\/\/api.w.org\/{rel}","templated":true}]}}