{"id":1819,"date":"2016-06-13T11:59:19","date_gmt":"2016-06-13T09:59:19","guid":{"rendered":"http:\/\/ecsevilla.org\/deportes\/?p=1819"},"modified":"2016-06-13T11:59:19","modified_gmt":"2016-06-13T09:59:19","slug":"francisco-marquez-delegado-del-colegio-santa-joaquina-de-vedruna-premio-valores-humanos-2016","status":"publish","type":"post","link":"http:\/\/ecsevilla.org\/deportes\/francisco-marquez-delegado-del-colegio-santa-joaquina-de-vedruna-premio-valores-humanos-2016\/","title":{"rendered":"Francisco M\u00e1rquez, delegado del Colegio Santa Joaquina De Vedruna, Premio Valores Humanos 2016"},"content":{"rendered":"<p>Francisco M\u00e1rquez, delegado del\u00a0Colegio Santa Joaquina De Vedruna, recogi\u00f3 el pasado s\u00e1bado 4 de junio el Premio Valores Humanos 2016 como reconocimiento a su trayectoria en los Juegos Deportivos Escolares.<\/p>\n<p>Os hacemos llegar sus palabras de agradecimiento, que en el momento de la entrega no pudo transmitir, dada la emoci\u00f3n que le embargaba:<\/p>\n<p>&nbsp;<\/p>\n<p>Siempre agradecido!!!!!!!!!<\/p>\n<p>Probablemente no se me ocurran las palabras adecuadas\u00a0 para agradeceros todo lo que signific\u00f3 recibir de vuestra parte el Trofeo y reconocimiento a tantos a\u00f1os dedicado a \u201ceste mundo\u201d de la coordinaci\u00f3n del deporte escolar en Centro adscrito a Educaci\u00f3n y Gesti\u00f3n.<\/p>\n<p>Cuando me llamasteis para acudir a la recogida de dicho Trofeo, se me pasaron por la cabeza miles de momentos y experiencias vividas en tantos a\u00f1os trabajando codo con codo con vosotros, en pos de \u201cnuestros\u201d chavales y chavalas.<\/p>\n<p>Tambi\u00e9n me sirvi\u00f3 para reafirmarme en la impresi\u00f3n que he tenido y mantenido, todos estos a\u00f1os, de constituir una \u201cgran familia\u201d compuesta por todos y cada uno de los Centros participantes, coordinados con maestr\u00eda por vosotros y haciendo la coordinaci\u00f3n de cada Centro mucho m\u00e1s f\u00e1cil, y todo con el objetivo \u00faltimo de inculcar valores vitales en LOS CHAVALES Y CHAVALAS, tratando de hacer de ellos y ellas fundamentalmente BUENAS PERSONAS y, por qu\u00e9 no decirlo, cuando eso se consigue apuntarnos un tanto a nuestro favor porque en algo colaboramos a ello en su momento.<\/p>\n<p>En fin, el hecho es que en aquel momento, al recibir dicho reconocimiento y ver tantas caras queridas y conocidas, volv\u00ed a sentirme enormemente arropado y querido, tal y como hab\u00e9is hecho todos estos a\u00f1os.<\/p>\n<p>\u00a1POR TODO ELLO SIEMPRE OS ESTAR\u00c9 ENORMEMENTE AGRADECIDO!<\/p>\n<p>Firmado: Francisco M\u00e1rquez Garc\u00eda, delegado del\u00a0Colegio Santa Joaquina De Vedruna.<\/p>\n","protected":false},"excerpt":{"rendered":"<p>Francisco M\u00e1rquez, delegado del\u00a0Colegio Santa Joaquina De Vedruna, recogi\u00f3 el pasado s\u00e1bado 4 de junio el Premio Valores Humanos 2016 como reconocimiento a su trayectoria en los Juegos Deportivos Escolares.&hellip; <\/p>\n","protected":false},"author":214,"featured_media":0,"comment_status":"closed","ping_status":"open","sticky":false,"template":"","format":"standard","meta":{"footnotes":""},"categories":[1],"tags":[],"class_list":["post-1819","post","type-post","status-publish","format-standard","hentry","category-sin-categoria"],"_links":{"self":[{"href":"http:\/\/ecsevilla.org\/deportes\/wp-json\/wp\/v2\/posts\/1819","targetHints":{"allow":["GET"]}}],"collection":[{"href":"http:\/\/ecsevilla.org\/deportes\/wp-json\/wp\/v2\/posts"}],"about":[{"href":"http:\/\/ecsevilla.org\/deportes\/wp-json\/wp\/v2\/types\/post"}],"author":[{"embeddable":true,"href":"http:\/\/ecsevilla.org\/deportes\/wp-json\/wp\/v2\/users\/214"}],"replies":[{"embeddable":true,"href":"http:\/\/ecsevilla.org\/deportes\/wp-json\/wp\/v2\/comments?post=1819"}],"version-history":[{"count":1,"href":"http:\/\/ecsevilla.org\/deportes\/wp-json\/wp\/v2\/posts\/1819\/revisions"}],"predecessor-version":[{"id":1820,"href":"http:\/\/ecsevilla.org\/deportes\/wp-json\/wp\/v2\/posts\/1819\/revisions\/1820"}],"wp:attachment":[{"href":"http:\/\/ecsevilla.org\/deportes\/wp-json\/wp\/v2\/media?parent=1819"}],"wp:term":[{"taxonomy":"category","embeddable":true,"href":"http:\/\/ecsevilla.org\/deportes\/wp-json\/wp\/v2\/categories?post=1819"},{"taxonomy":"post_tag","embeddable":true,"href":"http:\/\/ecsevilla.org\/deportes\/wp-json\/wp\/v2\/tags?post=1819"}],"curies":[{"name":"wp","href":"https:\/\/api.w.org\/{rel}","templated":true}]}}